{"id":90615,"date":"2019-05-27T18:12:11","date_gmt":"2019-05-27T21:12:11","guid":{"rendered":"http:\/\/argentinamunicipal.com.ar\/argentina\/?p=90615"},"modified":"2019-05-27T19:13:25","modified_gmt":"2019-05-27T22:13:25","slug":"rio-turbio-los-municipales-llevaron-adelante-una-medida-de-fuerza","status":"publish","type":"post","link":"http:\/\/argentinamunicipal.com.ar\/argentina\/rio-turbio-los-municipales-llevaron-adelante-una-medida-de-fuerza\/","title":{"rendered":"R\u00edo Turbio: Los municipales llevaron adelante una medida de fuerza"},"content":{"rendered":"<p>Los municipales de la localidad de R\u00edo Turbio, provincia de Santa Cruz, llevan adelante un paro ante la falta de acuerdo salarial con la administraci\u00f3n de Claudia Pav\u00e9z. Los trabajadores, nucleados en SOEM, esperan obtener un incremento del sueldo del 50% con una cl\u00e1usula gatillo mensual de acuerdo a la inflaci\u00f3n, algo que est\u00e1 muy lejos de lo ofrecido por el municipio hasta el momento.<\/p>\n<p>El sindicato se\u00f1al\u00f3 que \u00ablevantamos el cuarto intermedio de la \u00faltima asamblea en donde se dio lectura al acta que fuera confeccionada en la reuni\u00f3n de paritaria mantenida entre el poder ejecutivo, la Comisi\u00f3n Directiva y las dos compa\u00f1eras elegidas por la asamblea\u00bb. \u00abPosteriormente a la lectura los compa\u00f1eros afiliados decidieron mediante votaci\u00f3n continuar con paro total de actividades desde el d\u00eda la fecha hasta el d\u00eda lunes 27 de mayo, inclusive, sin marcaci\u00f3n de tarjeta, pasando a un cuarto intermedio de la asamblea para el d\u00eda martes 28 de Mayo a las 08:00 hs con marcaci\u00f3n de tarjeta\u00bb, a\u00f1adi\u00f3 el colectivo sindical.<\/p>\n<p>Anuncio<br \/>\nEl secretario general del gremio Pedro Mansilla dijo, en este marco, que es momento de \u00abpensar en la unidad del conjunto y desde esa unidad que nos caracteriza como organizaci\u00f3n de segundo grado en nuestra provincia, queremos hacer saber a la dirigencia pol\u00edtica que los trabajadores municipales sabemos llevar adelante con organizaci\u00f3n y compromiso la lucha necesaria para alcanzar nuestras reivindicaciones\u201d.<\/p>\n<p>Y dej\u00f3 en claro que \u201cla realidad es compleja en un a\u00f1o electoral donde la clase pol\u00edtica lejos de ponerse a la altura de las circunstancias lo \u00fanico que hace es condicionar las actualizaciones salariales y las reivindicaciones laborales que son prioritarias y urgentes para el conjunto\u201d.<\/p>\n<h6>Fuente: estadodealerta.com.ar<\/h6>\n","protected":false},"excerpt":{"rendered":"<p>Los municipales de la localidad de R\u00edo Turbio, provincia de Santa Cruz, llevan adelante un paro ante la falta de acuerdo salarial con la administraci\u00f3n de Claudia Pav\u00e9z. <\/p>\n","protected":false},"author":2,"featured_media":90616,"comment_status":"closed","ping_status":"closed","sticky":false,"template":"","format":"standard","meta":{"footnotes":""},"categories":[7],"tags":[29],"class_list":["post-90615","post","type-post","status-publish","format-standard","has-post-thumbnail","hentry","category-informe-sindical","tag-santa-cruz"],"_links":{"self":[{"href":"http:\/\/argentinamunicipal.com.ar\/argentina\/wp-json\/wp\/v2\/posts\/90615","targetHints":{"allow":["GET"]}}],"collection":[{"href":"http:\/\/argentinamunicipal.com.ar\/argentina\/wp-json\/wp\/v2\/posts"}],"about":[{"href":"http:\/\/argentinamunicipal.com.ar\/argentina\/wp-json\/wp\/v2\/types\/post"}],"author":[{"embeddable":true,"href":"http:\/\/argentinamunicipal.com.ar\/argentina\/wp-json\/wp\/v2\/users\/2"}],"replies":[{"embeddable":true,"href":"http:\/\/argentinamunicipal.com.ar\/argentina\/wp-json\/wp\/v2\/comments?post=90615"}],"version-history":[{"count":0,"href":"http:\/\/argentinamunicipal.com.ar\/argentina\/wp-json\/wp\/v2\/posts\/90615\/revisions"}],"wp:featuredmedia":[{"embeddable":true,"href":"http:\/\/argentinamunicipal.com.ar\/argentina\/wp-json\/wp\/v2\/media\/90616"}],"wp:attachment":[{"href":"http:\/\/argentinamunicipal.com.ar\/argentina\/wp-json\/wp\/v2\/media?parent=90615"}],"wp:term":[{"taxonomy":"category","embeddable":true,"href":"http:\/\/argentinamunicipal.com.ar\/argentina\/wp-json\/wp\/v2\/categories?post=90615"},{"taxonomy":"post_tag","embeddable":true,"href":"http:\/\/argentinamunicipal.com.ar\/argentina\/wp-json\/wp\/v2\/tags?post=90615"}],"curies":[{"name":"wp","href":"https:\/\/api.w.org\/{rel}","templated":true}]}}