{"id":90642,"date":"2019-05-27T19:47:49","date_gmt":"2019-05-27T22:47:49","guid":{"rendered":"http:\/\/argentinamunicipal.com.ar\/argentina\/?p=90642"},"modified":"2019-05-27T19:47:49","modified_gmt":"2019-05-27T22:47:49","slug":"macrisis-sin-fin-tomaron-la-metalurgica-eitar-y-reclaman-al-gobierno-salvar-los-empleos","status":"publish","type":"post","link":"http:\/\/argentinamunicipal.com.ar\/argentina\/macrisis-sin-fin-tomaron-la-metalurgica-eitar-y-reclaman-al-gobierno-salvar-los-empleos\/","title":{"rendered":"Macrisis sin fin: tomaron la metal\u00fargica Eitar y reclaman al Gobierno salvar los empleos"},"content":{"rendered":"<p>Los 240 operarios de la f\u00e1brica industrial ubicada en Bernal intentan salvar los empleos con la conformaci\u00f3n de una cooperativa. Los due\u00f1os de la metal\u00fargica aseguraron que la apertura a las importaciones agrav\u00f3 la situaci\u00f3n de la firma.<\/p>\n<p>La metal\u00fargica Eitar quebr\u00f3. Estaba dedicada a la fabricaci\u00f3n de accesorios para artefactos a gas. Dej\u00f3 a 240 operarios en la calle.<\/p>\n<p>Ubicada en Bernal Oeste, que hab\u00eda nacido en 1960, fue embargada previamente por deudas con la\u00a0Administraci\u00f3n Federal de Ingresos P\u00fablicos (AFIP). Ahora, los\u00a0operarios iniciaron el tr\u00e1mite para conformar una cooperativa laboral.<\/p>\n<p>Al momento de cerrar las puertas, los due\u00f1os de la metal\u00fargica aseguraron a los delegados sindicales de la planta que la crisis del sector metal\u00fargico por\u00a0la apertura a las importaciones agrav\u00f3 la situaci\u00f3n de la firma y aceler\u00f3 el final.<\/p>\n<p>Asimismo, seg\u00fan dijeron los operarios a la prensa local, los due\u00f1os aseguraron que no hab\u00edan podido responder a las deudas impositivas debido al desplome de las ventas en los \u00faltimos a\u00f1os y al\u00a0aumento de los servicios de electricidad y gas.<\/p>\n<p>La planta industrial se encuentra\u00a0tomada por los empleados afectados por la quiebra,\u00a0quienes tem\u00edan que se registre un vaciamiento de las instalaciones dado que ellos quieren salvar los empleos a trav\u00e9s de la conformaci\u00f3n de una cooperativa.<\/p>\n<p>Ese temor se instal\u00f3 entre los operarios despu\u00e9s de que hace dos semanas, de madrugada y con el personal suspendido, la empresa se encarg\u00f3 de vaciar las oficinas administrativas y t\u00e9cnicas.<\/p>\n<p>Los operarios ya presentaron -ante el Juzgado de Primera Instancia en lo Civil y Comercial N\u00b0 14 de Lomas de Zamora- un proyecto para conformar la cooperativa, y ahora aguardan una respuesta.<\/p>\n<p>Ese juzgado hab\u00eda autorizado en abril de 2017 el concurso preventivo que la empresa hab\u00eda solicitado el 9 de febrero de 2017.<\/p>\n<h6>Fuente: InfoNews<\/h6>\n","protected":false},"excerpt":{"rendered":"<p>Los 240 operarios de la f\u00e1brica industrial ubicada en Bernal intentan salvar los empleos con la conformaci\u00f3n de una cooperativa. Los due\u00f1os de la metal\u00fargica aseguraron que la apertura a las importaciones agrav\u00f3 la situaci\u00f3n de la firma.<\/p>\n","protected":false},"author":2,"featured_media":90643,"comment_status":"closed","ping_status":"closed","sticky":false,"template":"","format":"standard","meta":{"footnotes":""},"categories":[2],"tags":[12],"class_list":["post-90642","post","type-post","status-publish","format-standard","has-post-thumbnail","hentry","category-informe-municipal","tag-buenos-aires"],"_links":{"self":[{"href":"http:\/\/argentinamunicipal.com.ar\/argentina\/wp-json\/wp\/v2\/posts\/90642","targetHints":{"allow":["GET"]}}],"collection":[{"href":"http:\/\/argentinamunicipal.com.ar\/argentina\/wp-json\/wp\/v2\/posts"}],"about":[{"href":"http:\/\/argentinamunicipal.com.ar\/argentina\/wp-json\/wp\/v2\/types\/post"}],"author":[{"embeddable":true,"href":"http:\/\/argentinamunicipal.com.ar\/argentina\/wp-json\/wp\/v2\/users\/2"}],"replies":[{"embeddable":true,"href":"http:\/\/argentinamunicipal.com.ar\/argentina\/wp-json\/wp\/v2\/comments?post=90642"}],"version-history":[{"count":0,"href":"http:\/\/argentinamunicipal.com.ar\/argentina\/wp-json\/wp\/v2\/posts\/90642\/revisions"}],"wp:featuredmedia":[{"embeddable":true,"href":"http:\/\/argentinamunicipal.com.ar\/argentina\/wp-json\/wp\/v2\/media\/90643"}],"wp:attachment":[{"href":"http:\/\/argentinamunicipal.com.ar\/argentina\/wp-json\/wp\/v2\/media?parent=90642"}],"wp:term":[{"taxonomy":"category","embeddable":true,"href":"http:\/\/argentinamunicipal.com.ar\/argentina\/wp-json\/wp\/v2\/categories?post=90642"},{"taxonomy":"post_tag","embeddable":true,"href":"http:\/\/argentinamunicipal.com.ar\/argentina\/wp-json\/wp\/v2\/tags?post=90642"}],"curies":[{"name":"wp","href":"https:\/\/api.w.org\/{rel}","templated":true}]}}