{"id":90645,"date":"2019-05-27T19:52:25","date_gmt":"2019-05-27T22:52:25","guid":{"rendered":"http:\/\/argentinamunicipal.com.ar\/argentina\/?p=90645"},"modified":"2019-05-27T19:52:25","modified_gmt":"2019-05-27T22:52:25","slug":"el-desastre-no-se-arregla-con-restas","status":"publish","type":"post","link":"http:\/\/argentinamunicipal.com.ar\/argentina\/el-desastre-no-se-arregla-con-restas\/","title":{"rendered":"El desastre no se arregla con restas"},"content":{"rendered":"<p>Hay un desconcierto importante en el oficialismo y sus variantes de Alternativa Federal. Y hay una consolidaci\u00f3n firme de Fern\u00e1ndez y Fern\u00e1ndez, sin que eso implique dejar de hacerse preguntas o formular advertencias.<\/p>\n<p>La postulaci\u00f3n del ex jefe de Gabinete en cabeza de f\u00f3rmula corri\u00f3 hacia el centro al espacio kirchnerista, por lo menos en t\u00e9rminos electorales. Eso virtualmente acaba las chances de cualquier otro segmento que, por fuera de los cambiemitas, pretendiese disputarle con \u00e9xito a la movida de Cristina.<\/p>\n<p>Si el peronismo y la izquierda filokirchnerista ya tienen f\u00f3rmula abarcadora, y el gorilaje se expresa sin dudas a trav\u00e9s del Gobierno, \u00bfc\u00f3mo har\u00edan el Schiaretti resuelto a refugiarse en su cordobesidad y las ficciones Pichetto-Urtubey para colar cu\u00e1l discurso atractivo, capaz de seducir a qu\u00e9 franjas que no est\u00e9n ya alcanzadas por las opciones \u00a0realmente existentes?<\/p>\n<p>Roberto Lavagna, que con sus dilaciones interminables parece reencarnar la despedida de Los Chalchaleros, tambi\u00e9n se queda sin \u00e1mbito.<\/p>\n<p>Cualquier alternativa que no sea testimonial, se sabe de largo, debe disponer de tres requisitos que hacen al todo de las partes. Proyecto, territorio y liderazgo.<\/p>\n<p>El \u201cproyecto\u201d lavagnista surgi\u00f3 como operaci\u00f3n medi\u00e1tica, cuando el derrumbe de Macri oblig\u00f3 a que la alianza oficial midiera variaciones.<\/p>\n<p>Entonces, no es un proyecto como tal porque, sobre llovido mojado, Lavagna tiene que diferenciarse del Gobierno con unas imperceptibles alusiones productivistas, alejadas de mentar al ajuste como salida exclusiva. La candidatura de Alberto Fern\u00e1ndez ya le ocup\u00f3, desde un sitio peronista que incluye al kirchnerismo o viceversa, el lugar que el ex ministro de Kirchner dice pretender.<\/p>\n<p>Territorio no tiene ni de cerca y de ser por liderazgo solamente opera la PlayStation que le otorgan por descarte algunos radicales d\u00edscolos, que exhiben en modo lastimoso su inutilidad para haber trazado una edificaci\u00f3n propia.<\/p>\n<p>Alternativa Federal culmina, ergo, con una pat\u00e9tica convocatoria a que se sumen Daniel Scioli y Marcelo Tinelli.<\/p>\n<p>De fondo, ninguno de quienes orbitan en ese no lugar tiene vocaci\u00f3n de poder.<\/p>\n<p>El d\u00fao antidin\u00e1mico de Macri y Pe\u00f1a, mientras tanto, contin\u00faa emperrado en la creencia de que hacer pol\u00edtica se remite a esperar el paulatino retorno de los sectores medios desencantados, una vez que la cotizaci\u00f3n del d\u00f3lar no vuelva a escaparse. No tejieron nada de nada y ya no tripulan ni a la totalidad de los radicales. No tienen retorno de su t\u00e1ctica.<\/p>\n<p>Subir a Heidi a la f\u00f3rmula, que fue lo meneado nuevamente en estas horas desde Clar\u00edn y adyacencias, enfrenta entre otras la tremenda dificultad de con qui\u00e9n competir\u00edan en la provincia de Buenos Aires. Y si de \u00faltima tuviera que ser eso, quedar\u00e1 un Presidente pato-rengo como remedio peor que la enfermedad.<\/p>\n<p>\u00bfPor qu\u00e9, adem\u00e1s, Heidi estar\u00eda dispuesta a la probabilidad de incinerarse con toda su carrera pol\u00edtica por delante? S\u00f3lo si Macri se lo pide, dicen cerca de ella.<\/p>\n<p>Respecto de Unidad Ciudadana y si es estrictamente por su camino a las elecciones, porque gobernar requerir\u00e1 de una alianza sectorial mucho m\u00e1s amplia que nombres de candidatos, la decisi\u00f3n de Sergio Massa es inc\u00f3gnita prioritaria. Hace ya rato se dijo aqu\u00ed que a la \u201cunidad\u201d hab\u00eda que nominarla en forma directa.<\/p>\n<p>Nadie tiene data de lo que har\u00e1 Massa. Y nadie es nadie, hasta el momento de escribirse esta columna. Pero todo indicar\u00eda su inclinaci\u00f3n a negociar con F y F, antes que pegarse a unas variables macristas que no cierran por ning\u00fan lado. Se le acaba el tiempo. Y si acaso resolviera ir por afuera, no parece caberle otro destino que quedar atrapado en una composici\u00f3n tema antigrieta que \u2013de vuelta\u2013 la candidatura de Alberto Fern\u00e1ndez ya comenz\u00f3 a saldar.<\/p>\n<p>El aparato de propaganda del r\u00e9gimen, para usar la palabra que le endilgaban al kirchnerismo y que hoy le cabe al Gobierno mucho mejor, trat\u00f3 de disimular su estupefacci\u00f3n con CFK en tribunales.<\/p>\n<p>Lo \u00fanico que import\u00f3 fue eso. La foto, la imagen. La honestidad y fundamentos republicanos sigo debi\u00e9ndotelos, desde un gobierno cambiemita que aprieta a la Justicia como no se registra en tiempos democr\u00e1ticos. Incluso, hasta el punto de arriesgarse a que causas como la de las fotocopias se le vayan de las manos.<\/p>\n<p>Bastar\u00eda, entre una lista fatigosa, citar las impactantes estrujadas sobre los fiscales Juan Pedro Zoni y Gabriela Boquin, para apartarlos de investigar el acuerdo del Estado de Macri con la famiglia del mismo nombre, por la deuda del Grupo en el caso del Curreo Argentino. El juicio a la empresa ya estaba ganado por el fisco, pero el Ente Nacional de Comunicaciones (Enacom) resolvi\u00f3 no pagarle. Otro chiche que no indign\u00f3, nunca, a los colegas independientes.<\/p>\n<p>Si el modo en que se condujo la Corte en el expediente denominado Vialidad es simplemente deplorable, \u00bfqu\u00e9 adjetivo le cabe entonces a la actuaci\u00f3n de fiscales y jueces que, respaldados en una protecci\u00f3n y est\u00edmulo de prensa atroces, inventaron causas, hicieron un desastre en las etapas instructivas, extorsionaron a empresarios, se pavonearon con prisiones preventivas sin siquiera proceder a indagatoria, guionaron a falsos testigos?<\/p>\n<p>No es que una cosa quite la otra. S\u00ed resulta abominable que lo primero despierte indignaci\u00f3n y lo segundo sea mostrado como el accionar impoluto de una justicia neutral.<\/p>\n<p>Hay una nota imperdible de la abogada Graciana Pe\u00f1afort en el sitio En Orsai. Con alta capacidad de s\u00edntesis resume historia, elementos probatorios y moraleja de ese expediente, que ata\u00f1e a supuestas maniobras de corrupci\u00f3n en el manejo de la obra p\u00fablica durante el gobierno anterior.<\/p>\n<p>Los emprendimientos impugnados son 51, pero s\u00f3lo peritaron 5 y se deneg\u00f3 comparar los precios y tiempos de ejecuci\u00f3n en Santa Cruz con los aplicados en otras jurisdicciones.<\/p>\n<p>LEER M\u00c1S<br \/>\nInsultos radicales para Macri\u00a0|\u00a0El Hit del Verano se cant\u00f3 fuerte en la Convenci\u00f3n Nacional de la UCR<br \/>\nAhora, con un ninguneo medi\u00e1tico casi absoluto, al tribunal se le ocurri\u00f3 pedir todos los papeles del Ministerio de Planificaci\u00f3n durante los doce a\u00f1os de gobierno kirchnerista. Casi imposible de describir, pero cierto: \u00a1en medio del juicio! Significa que el tribunal que lo sustancia admite que juzga a Cristina y ex funcionarios por algo cuya prueba ni siquiera est\u00e1 ordenada. Nunca se vio, muy probablemente.<\/p>\n<p>Tal lo se\u00f1alado por Pe\u00f1afort, \u00bfc\u00f3mo hac\u00e9s para defenderte si no te dejan probar?<\/p>\n<p>La auditor\u00eda que hizo Javier Iguacel cuando era director de Vialidad Nacional, en 2016, determin\u00f3 que no hab\u00eda sobreprecios en las obras ni tampoco demoras imputables en su ejecuci\u00f3n. Pero aun as\u00ed acusan a Cristina y a varios de sus funcionarios de lucro indebido, cuando resulta que la propia investigaci\u00f3n encargada por el macrismo estipul\u00f3 que no hab\u00eda ni sobreprecios ni tardanzas.<\/p>\n<p>A pesar de eso, decidieron impulsar el juicio con el testimonio armado para Leonardo Fari\u00f1a y, como tambi\u00e9n apunta la obviedad resaltada por Graciana, si no hay derecho a defensa no puede haber justicia. \u201cMa\u00f1ana podr\u00edas ser vos, porque te acusan de robarte algo en un s\u00faper y no te dejan probar que a esa hora de ese d\u00eda estabas en otro lado. Y no estoy exagerando\u201d.<\/p>\n<p>Al Gobierno le resta esa estratagema pol\u00edtica de Cristina enjuiciada para reflotar fantasmas. \u00bfHasta d\u00f3nde llegan, a esta altura de la crisis, esas armas medi\u00e1tico-judiciales? \u00bfY hasta d\u00f3nde que el d\u00f3lar no vuelva a escaparse para reconquistar globertos? \u00bfCu\u00e1l agenda esperanzadora puede ofertar la proposici\u00f3n cambiemita que fuera, que no consista en el antikirchnerismo?<\/p>\n<p>Salidos de las elecciones, que de todos modos primero deben ganarse en un pa\u00eds que jam\u00e1s agota su imprevisibilidad, no hay manera alguna de pensar en otra cosa que un futuro m\u00f3dico, poner en marcha la econom\u00eda, proteger fuerte y urgentemente a los ca\u00eddos del sistema, controlar el tipo de cambio y renegociar la deuda a cara de perro porque, como dijo Kirchner, los muertos no pagan.<\/p>\n<p>Es eso o deprimirse porque hay que sacar el medidor de sapos.<\/p>\n<p>Cristina avis\u00f3 que es lo primero.<\/p>\n<p>Que este desastre no se arregla con restas.<\/p>\n<p>Por\u00a0Eduardo Aliverti<\/p>\n<h6>Fuente: Pagina 12<\/h6>\n","protected":false},"excerpt":{"rendered":"<p>Hay un desconcierto importante en el oficialismo y sus variantes de Alternativa Federal. Y hay una consolidaci\u00f3n firme de Fern\u00e1ndez y Fern\u00e1ndez, sin que eso implique dejar de hacerse preguntas o formular advertencias.<\/p>\n","protected":false},"author":2,"featured_media":90646,"comment_status":"closed","ping_status":"closed","sticky":false,"template":"","format":"standard","meta":{"footnotes":""},"categories":[6],"tags":[21],"class_list":["post-90645","post","type-post","status-publish","format-standard","has-post-thumbnail","hentry","category-opiniones","tag-argentina"],"_links":{"self":[{"href":"http:\/\/argentinamunicipal.com.ar\/argentina\/wp-json\/wp\/v2\/posts\/90645","targetHints":{"allow":["GET"]}}],"collection":[{"href":"http:\/\/argentinamunicipal.com.ar\/argentina\/wp-json\/wp\/v2\/posts"}],"about":[{"href":"http:\/\/argentinamunicipal.com.ar\/argentina\/wp-json\/wp\/v2\/types\/post"}],"author":[{"embeddable":true,"href":"http:\/\/argentinamunicipal.com.ar\/argentina\/wp-json\/wp\/v2\/users\/2"}],"replies":[{"embeddable":true,"href":"http:\/\/argentinamunicipal.com.ar\/argentina\/wp-json\/wp\/v2\/comments?post=90645"}],"version-history":[{"count":0,"href":"http:\/\/argentinamunicipal.com.ar\/argentina\/wp-json\/wp\/v2\/posts\/90645\/revisions"}],"wp:featuredmedia":[{"embeddable":true,"href":"http:\/\/argentinamunicipal.com.ar\/argentina\/wp-json\/wp\/v2\/media\/90646"}],"wp:attachment":[{"href":"http:\/\/argentinamunicipal.com.ar\/argentina\/wp-json\/wp\/v2\/media?parent=90645"}],"wp:term":[{"taxonomy":"category","embeddable":true,"href":"http:\/\/argentinamunicipal.com.ar\/argentina\/wp-json\/wp\/v2\/categories?post=90645"},{"taxonomy":"post_tag","embeddable":true,"href":"http:\/\/argentinamunicipal.com.ar\/argentina\/wp-json\/wp\/v2\/tags?post=90645"}],"curies":[{"name":"wp","href":"https:\/\/api.w.org\/{rel}","templated":true}]}}