{"id":9069,"date":"2014-06-07T08:37:52","date_gmt":"2014-06-07T11:37:52","guid":{"rendered":"http:\/\/argentinamunicipal.com.ar\/argentina\/?p=9069"},"modified":"2014-06-06T09:19:38","modified_gmt":"2014-06-06T12:19:38","slug":"distinguen-sistema-monitoreo-de-antenas-en-argentina","status":"publish","type":"post","link":"http:\/\/argentinamunicipal.com.ar\/argentina\/distinguen-sistema-monitoreo-de-antenas-en-argentina\/","title":{"rendered":"Distinguen sistema monitoreo de antenas en Argentina"},"content":{"rendered":"<p><a href=\"http:\/\/argentinamunicipal.com.ar\/argentina\/wp-content\/uploads\/2014\/06\/a67ef7f24f8a97b76c26616f0f2eec5f_L.jpg\"><img loading=\"lazy\" decoding=\"async\" class=\"aligncenter size-full wp-image-9070\" src=\"http:\/\/argentinamunicipal.com.ar\/argentina\/wp-content\/uploads\/2014\/06\/a67ef7f24f8a97b76c26616f0f2eec5f_L.jpg\" alt=\"a67ef7f24f8a97b76c26616f0f2eec5f_L\" width=\"800\" height=\"462\" srcset=\"http:\/\/argentinamunicipal.com.ar\/argentina\/wp-content\/uploads\/2014\/06\/a67ef7f24f8a97b76c26616f0f2eec5f_L.jpg 800w, http:\/\/argentinamunicipal.com.ar\/argentina\/wp-content\/uploads\/2014\/06\/a67ef7f24f8a97b76c26616f0f2eec5f_L-300x173.jpg 300w\" sizes=\"auto, (max-width: 800px) 100vw, 800px\" \/><\/a><\/p>\n<p>La Uni\u00f3n Internacional de Telecomunicaciones (UIT) otorg\u00f3 un reconocimiento al Sistema Nacional de Monitoreo de Radiaciones No Ionizantes (SiNaM), que Argentina cre\u00f3 en marzo de este a\u00f1o. Bariloche cuenta con una de las 12 estaciones de monitoreo ubicadas a lo largo del pa\u00eds en el marco de ese sistema. Est\u00e1 instalada en el Centro C\u00edvico, a metros de numerosas antenas de telefon\u00eda. En mayo el promedio fue de 0,16V\/m, mientras que en m\u00e1ximo admitido es de 41 v\/m.<\/p>\n<p>El sistema distinguido por la UIT fue creado a trav\u00e9s de una resoluci\u00f3n de la Secretar\u00eda de Comunicaciones de la Naci\u00f3n en marzo de 2014, con el objetivo de medir las emisiones electromagn\u00e9ticas, cumplir el Est\u00e1ndar Nacional de Seguridad para la exposici\u00f3n a radiofrecuencias, articular pol\u00edticas entre los actores involucrados y comunicarlas adecuadamente.<\/p>\n<p>La estaci\u00f3n de monitoreo de nuestra ciudad se encuentra instalada en la parte superior del edificio del Concejo Deliberante, en el Centro C\u00edvico, y abarca las emisiones de las antenas localizadas en el techo del Bariloche Center como muestra de base.<\/p>\n<p>De acuerdo a los datos que brinda la estaci\u00f3n, que mide en el rango de frecuencias entre 100kHz y 3GHz, las emisiones durante la \u00faltima semana se mantuvieron en un promedio del 0,70% del m\u00e1ximo permitido -0,29 voltios por metro, en relaci\u00f3n a un m\u00e1ximo admitido de 41 V\/m-. El promedio del \u00faltimo mes es m\u00e1s bajo, ya que no alcanz\u00f3 el 0,39% del m\u00e1ximo -0,16 V\/m.<\/p>\n<p>El SiNaM, al que Bariloche contribuye con sus registros, incluye desde su normativa la creaci\u00f3n de un grupo de control permanente integrado por especialistas y representantes de la comunidad. Este grupo est\u00e1 integrado por la Comisi\u00f3n Nacional de Comunicaciones (CNC), la Secretar\u00eda de Medio Ambiente y Desarrollo Sustentable de la Naci\u00f3n, la Subsecretar\u00eda de Relaciones Sanitarias e Investigaci\u00f3n del Ministerio de Salud, universidades nacionales, empresas del sector y la Federaci\u00f3n Argentina de Municipios.<\/p>\n<h6>Fuente: El Cordillerano<\/h6>\n","protected":false},"excerpt":{"rendered":"<p>La Uni\u00f3n Internacional de Telecomunicaciones (UIT) otorg\u00f3 un reconocimiento al Sistema Nacional de Monitoreo de Radiaciones No Ionizantes (SiNaM), que Argentina cre\u00f3 en marzo de este a\u00f1o. Bariloche cuenta con una de las 12 estaciones de monitoreo ubicadas a lo largo del pa\u00eds en el marco de ese sistema. Est\u00e1 instalada en el Centro C\u00edvico,<\/p>\n","protected":false},"author":2,"featured_media":9104,"comment_status":"closed","ping_status":"closed","sticky":false,"template":"","format":"standard","meta":{"footnotes":""},"categories":[8],"tags":[11],"class_list":["post-9069","post","type-post","status-publish","format-standard","has-post-thumbnail","hentry","category-informe-nacional","tag-rio-negro"],"_links":{"self":[{"href":"http:\/\/argentinamunicipal.com.ar\/argentina\/wp-json\/wp\/v2\/posts\/9069","targetHints":{"allow":["GET"]}}],"collection":[{"href":"http:\/\/argentinamunicipal.com.ar\/argentina\/wp-json\/wp\/v2\/posts"}],"about":[{"href":"http:\/\/argentinamunicipal.com.ar\/argentina\/wp-json\/wp\/v2\/types\/post"}],"author":[{"embeddable":true,"href":"http:\/\/argentinamunicipal.com.ar\/argentina\/wp-json\/wp\/v2\/users\/2"}],"replies":[{"embeddable":true,"href":"http:\/\/argentinamunicipal.com.ar\/argentina\/wp-json\/wp\/v2\/comments?post=9069"}],"version-history":[{"count":0,"href":"http:\/\/argentinamunicipal.com.ar\/argentina\/wp-json\/wp\/v2\/posts\/9069\/revisions"}],"wp:featuredmedia":[{"embeddable":true,"href":"http:\/\/argentinamunicipal.com.ar\/argentina\/wp-json\/wp\/v2\/media\/9104"}],"wp:attachment":[{"href":"http:\/\/argentinamunicipal.com.ar\/argentina\/wp-json\/wp\/v2\/media?parent=9069"}],"wp:term":[{"taxonomy":"category","embeddable":true,"href":"http:\/\/argentinamunicipal.com.ar\/argentina\/wp-json\/wp\/v2\/categories?post=9069"},{"taxonomy":"post_tag","embeddable":true,"href":"http:\/\/argentinamunicipal.com.ar\/argentina\/wp-json\/wp\/v2\/tags?post=9069"}],"curies":[{"name":"wp","href":"https:\/\/api.w.org\/{rel}","templated":true}]}}