{"id":90701,"date":"2019-05-29T05:31:43","date_gmt":"2019-05-29T08:31:43","guid":{"rendered":"http:\/\/argentinamunicipal.com.ar\/argentina\/?p=90701"},"modified":"2019-05-28T19:34:10","modified_gmt":"2019-05-28T22:34:10","slug":"san-juan-otro-caida-que-resalta-la-crisis","status":"publish","type":"post","link":"http:\/\/argentinamunicipal.com.ar\/argentina\/san-juan-otro-caida-que-resalta-la-crisis\/","title":{"rendered":"San Juan: Otro ca\u00edda que resalta la crisis"},"content":{"rendered":"<p>La empresa Edding, de origen alem\u00e1n, comunic\u00f3 el cierre de su planta en San Juan y el despido de sus 18 empleados. Operaba desde 2000 y fabricaba marcadores y resaltadores. La firma detall\u00f3 que el a\u00f1o pasado las ventas cayeron un 25 por ciento y que la filial tiene una situaci\u00f3n de ahogo financiero por las deudas en d\u00f3lares. Luego de reducciones, suspensiones y adelantamiento de vacaciones, se decidi\u00f3 el cierre. Llegaron a trabajar 65 personas en 2010. En aquel momento exportaba a Turqu\u00eda y Grecia y abastec\u00eda un mercado interno en expansi\u00f3n. Ahora, Edding se queda en el pa\u00eds con una representaci\u00f3n comercial para importar los marcadores desde Alemania y Colombia.<\/p>\n<p>En su balance contable difundido a nivel global a fines de abril, ofreci\u00f3 un panorama muy negativo de su operaci\u00f3n en la Argentina. Es una muestra m\u00e1s de que la pol\u00edtica econ\u00f3mica del gobierno de Cambiemos no llev\u00f3 al primer plano las bondades de la inversi\u00f3n sino todo lo contrario. \u201cEn la Argentina, la situaci\u00f3n econ\u00f3mica y social ha empeorado nuevamente. La inflaci\u00f3n, devaluaci\u00f3n y el alto desempleo contin\u00faan y el consumo es bajo. Esto impacta en una ca\u00edda de las ventas convertidas en euros. Adem\u00e1s, los costos m\u00e1s altos s\u00f3lo se pueden transferir al mercado en una medida limitada. Los pasivos intragrupo y en moneda dura externa conduce nuevamente a significativos resultados negativos\u201d, indic\u00f3 la compa\u00f1\u00eda alemana.<\/p>\n<p>\u201cLa debacle comenz\u00f3 hace cuatro a\u00f1os con los altos costos, inflaci\u00f3n, volatilidad del d\u00f3lar, alta carga impositiva, altas tasas de inter\u00e9s, sumado a la fuerte ca\u00edda del consumo y el ingreso de productos chinos. La ca\u00edda en las ventas fue del 50 por ciento. Hace dos a\u00f1os que la planta trabaja al 25 por ciento de su capacidad y los costos fijos no pueden ser absorbidos\u201d, se\u00f1al\u00f3 Leonardo Rosas, gerente general de finanzas de Edding, al diario BAE Negocios. Esa situaci\u00f3n deriv\u00f3 finalmente en el cierre de otra f\u00e1brica en el pa\u00eds.<\/p>\n<h6>Fuente: P\u00e1gina 12<\/h6>\n","protected":false},"excerpt":{"rendered":"<p>La empresa Edding, de origen alem\u00e1n, comunic\u00f3 el cierre de su planta en San Juan y el despido de sus 18 empleados. Operaba desde 2000 y fabricaba marcadores y resaltadores. <\/p>\n","protected":false},"author":2,"featured_media":90702,"comment_status":"closed","ping_status":"closed","sticky":false,"template":"","format":"standard","meta":{"footnotes":""},"categories":[2],"tags":[32],"class_list":["post-90701","post","type-post","status-publish","format-standard","has-post-thumbnail","hentry","category-informe-municipal","tag-san-juan"],"_links":{"self":[{"href":"http:\/\/argentinamunicipal.com.ar\/argentina\/wp-json\/wp\/v2\/posts\/90701","targetHints":{"allow":["GET"]}}],"collection":[{"href":"http:\/\/argentinamunicipal.com.ar\/argentina\/wp-json\/wp\/v2\/posts"}],"about":[{"href":"http:\/\/argentinamunicipal.com.ar\/argentina\/wp-json\/wp\/v2\/types\/post"}],"author":[{"embeddable":true,"href":"http:\/\/argentinamunicipal.com.ar\/argentina\/wp-json\/wp\/v2\/users\/2"}],"replies":[{"embeddable":true,"href":"http:\/\/argentinamunicipal.com.ar\/argentina\/wp-json\/wp\/v2\/comments?post=90701"}],"version-history":[{"count":0,"href":"http:\/\/argentinamunicipal.com.ar\/argentina\/wp-json\/wp\/v2\/posts\/90701\/revisions"}],"wp:featuredmedia":[{"embeddable":true,"href":"http:\/\/argentinamunicipal.com.ar\/argentina\/wp-json\/wp\/v2\/media\/90702"}],"wp:attachment":[{"href":"http:\/\/argentinamunicipal.com.ar\/argentina\/wp-json\/wp\/v2\/media?parent=90701"}],"wp:term":[{"taxonomy":"category","embeddable":true,"href":"http:\/\/argentinamunicipal.com.ar\/argentina\/wp-json\/wp\/v2\/categories?post=90701"},{"taxonomy":"post_tag","embeddable":true,"href":"http:\/\/argentinamunicipal.com.ar\/argentina\/wp-json\/wp\/v2\/tags?post=90701"}],"curies":[{"name":"wp","href":"https:\/\/api.w.org\/{rel}","templated":true}]}}