{"id":90729,"date":"2019-05-29T06:30:52","date_gmt":"2019-05-29T09:30:52","guid":{"rendered":"http:\/\/argentinamunicipal.com.ar\/argentina\/?p=90729"},"modified":"2019-05-28T20:12:56","modified_gmt":"2019-05-28T23:12:56","slug":"sin-vidrios-ni-calefaccion-en-una-escuela-de-mar-del-plata-los-alumnos-asisten-con-frazadas","status":"publish","type":"post","link":"http:\/\/argentinamunicipal.com.ar\/argentina\/sin-vidrios-ni-calefaccion-en-una-escuela-de-mar-del-plata-los-alumnos-asisten-con-frazadas\/","title":{"rendered":"Sin vidrios ni calefacci\u00f3n: en una escuela de Mar del Plata, los alumnos asisten con frazadas"},"content":{"rendered":"<p>La directora de la escuela 33 de Mar del Plata cont\u00f3 que les hicieron retirar los vidrios que una empresa local hab\u00eda donado para que exista \u201cventilaci\u00f3n\u201d a ra\u00edz de la tr\u00e1gica explosi\u00f3n en Moreno. Sin embargo, nunca se volvieron a poner y los alumnos asisten con frazadas.<br \/>\nAlumnos con frazadas, ventanas sin vidrio, calefactores destrozados. Esa es la realidad de la\u00a0escuela secundaria N\u00ba 33 de Mar del Plata, que demostr\u00f3 una vez m\u00e1s la realidad de gran parte de las escuelas p\u00fablicas en la provincia.<\/p>\n<p>Seg\u00fan pudo saber este medio, el Concejo Escolar realiz\u00f3 dos procesos licitatorios para contratar una empresa que pueda realizar los trabajos, pero en ambos casos no se consiguieron oferentes para realizar las tareas de reparaci\u00f3n.<\/p>\n<p>Desde el Concejo aseguran que si vuelve a pasar lo mismo, realizar\u00e1n\u00a0un procedimiento administrativo de contrataci\u00f3n directa\u00a0para llevar adelante el trabajo y evitar la demora de las obras.<\/p>\n<p>Mientras tanto, los alumnos asisten a clases tapados de camperas y frazadas para soportar el fr\u00edo.<\/p>\n<p>Seg\u00fan cont\u00f3 el diario marplatense La Capital,\u00a0el establecimiento recibi\u00f3 una donaci\u00f3n de vidrios\u00a0por parte de una empresa, lo que permiti\u00f3 que se pudiera cubrir las aberturas en ventanas fijas. Sin embargo, desde el gobierno de la Provincia reforzaron una serie de inspecciones a ra\u00edz de la tr\u00e1gica explosi\u00f3n en la escuela de Moreno, en el que falleci\u00f3 una docente y un auxiliar el a\u00f1o pasado.<\/p>\n<p>Eso determin\u00f3 que se retiren parte de las aberturas cubiertas para permitir la ventilaci\u00f3n. \u201cYo estaba totalmente de acuerdo, por eso las saqu\u00e9 esperanzada de que iban a volver con nuevas ventanas. Pero eso nunca pas\u00f3 y tuvimos que cubrirlas con cartones\u201d, expres\u00f3 con malestar la directora de la escuela, Claudia Luengo.<\/p>\n<p>Ahora, la comunidad educativa est\u00e1 a la espera de una respuesta de parte del gobierno de\u00a0Mar\u00eda Eugenia Vidal\u00a0para que se pueda resolver el\u00a0conflicto, antes de que llegue la \u00e9poca con las temperaturas m\u00e1s bajas en el a\u00f1o.<\/p>\n<h6>Fuente: InfoCielo<\/h6>\n","protected":false},"excerpt":{"rendered":"<p>La directora de la escuela 33 de Mar del Plata cont\u00f3 que les hicieron retirar los vidrios que una empresa local hab\u00eda donado para que exista \u201cventilaci\u00f3n\u201d a ra\u00edz de la tr\u00e1gica explosi\u00f3n en Moreno. Sin embargo, nunca se volvieron a poner y los alumnos asisten con frazadas.<\/p>\n","protected":false},"author":2,"featured_media":90730,"comment_status":"closed","ping_status":"closed","sticky":false,"template":"","format":"standard","meta":{"footnotes":""},"categories":[2],"tags":[12],"class_list":["post-90729","post","type-post","status-publish","format-standard","has-post-thumbnail","hentry","category-informe-municipal","tag-buenos-aires"],"_links":{"self":[{"href":"http:\/\/argentinamunicipal.com.ar\/argentina\/wp-json\/wp\/v2\/posts\/90729","targetHints":{"allow":["GET"]}}],"collection":[{"href":"http:\/\/argentinamunicipal.com.ar\/argentina\/wp-json\/wp\/v2\/posts"}],"about":[{"href":"http:\/\/argentinamunicipal.com.ar\/argentina\/wp-json\/wp\/v2\/types\/post"}],"author":[{"embeddable":true,"href":"http:\/\/argentinamunicipal.com.ar\/argentina\/wp-json\/wp\/v2\/users\/2"}],"replies":[{"embeddable":true,"href":"http:\/\/argentinamunicipal.com.ar\/argentina\/wp-json\/wp\/v2\/comments?post=90729"}],"version-history":[{"count":0,"href":"http:\/\/argentinamunicipal.com.ar\/argentina\/wp-json\/wp\/v2\/posts\/90729\/revisions"}],"wp:featuredmedia":[{"embeddable":true,"href":"http:\/\/argentinamunicipal.com.ar\/argentina\/wp-json\/wp\/v2\/media\/90730"}],"wp:attachment":[{"href":"http:\/\/argentinamunicipal.com.ar\/argentina\/wp-json\/wp\/v2\/media?parent=90729"}],"wp:term":[{"taxonomy":"category","embeddable":true,"href":"http:\/\/argentinamunicipal.com.ar\/argentina\/wp-json\/wp\/v2\/categories?post=90729"},{"taxonomy":"post_tag","embeddable":true,"href":"http:\/\/argentinamunicipal.com.ar\/argentina\/wp-json\/wp\/v2\/tags?post=90729"}],"curies":[{"name":"wp","href":"https:\/\/api.w.org\/{rel}","templated":true}]}}