{"id":90732,"date":"2019-05-29T06:13:29","date_gmt":"2019-05-29T09:13:29","guid":{"rendered":"http:\/\/argentinamunicipal.com.ar\/argentina\/?p=90732"},"modified":"2019-05-28T20:15:55","modified_gmt":"2019-05-28T23:15:55","slug":"diputados-decidiran-el-reparto-entre-municipios-de-santa-cruz","status":"publish","type":"post","link":"http:\/\/argentinamunicipal.com.ar\/argentina\/diputados-decidiran-el-reparto-entre-municipios-de-santa-cruz\/","title":{"rendered":"Diputados decidir\u00e1n el reparto entre municipios de Santa Cruz"},"content":{"rendered":"<p>Ante la dificultad de llegar a un acuerdo que conforme a todos, el Gobierno decidi\u00f3 volver sobre sus pasos y reafirmar su decisi\u00f3n de s\u00f3lo avanzar en la propuesta de modificaci\u00f3n del \u00edndice primario de la Coparticipaci\u00f3n. La pelea que quieren dar las Comunas m\u00e1s chicas deber\u00e1 hacerse en la Legislatura.<\/p>\n<p>En un debate que podr\u00eda durar mucho m\u00e1s de lo que pretenden los propios intendentes, podr\u00eda demorar la sanci\u00f3n de la modificaci\u00f3n de la ley de Coparticipaci\u00f3n Provincial.<\/p>\n<p>Es que si bien hay un amplio consenso con la intenci\u00f3n del Gobierno de modificar la ley de Coparticipaci\u00f3n en lo que hace al reparto primario (es decir agrandar la masa coparticipable) que conlleve, adem\u00e1s, el descuento autom\u00e1tico de las transferencias a las Cajas de Previsi\u00f3n y Servicios Sociales, distinto se plantea el escenario cuando se pretende hilar m\u00e1s fino.<\/p>\n<p>Abierto el debate sobre la ley de Coparticipaci\u00f3n, de inmediato, un grupo de intendentes del Frente para la Victoria propuso profundizar los cambios y replantear la f\u00f3rmula por la cual se determina el \u00edndice de reparto para cada una de las localidades.<\/p>\n<p>Pero pretenden que dicho cambio se haga con la mirada puesta en beneficiar a las localidades m\u00e1s peque\u00f1as (las suyas) en detrimento de las m\u00e1s pobladas.<\/p>\n<p>La falta de acuerdo en c\u00f3mo determinar los par\u00e1metros para ese reparto hizo que el env\u00edo del proyecto se demorara en dos oportunidades. Y el Gobierno habr\u00eda decidido no esperar m\u00e1s.<\/p>\n<p>De acuerdo a lo que pudo saber\u00a0La Opini\u00f3n Zona Norte, las autoridades provinciales volvieron a enfatizar, ante los jefes comunales propios, que girar\u00e1n a la Legislatura el proyecto tal como se lo hab\u00eda pensado en un principio. Agrandando la masa coparticipable e incluyendo el descuento autom\u00e1tico de la misma de los aportes municipales a las Cajas de Previsi\u00f3n y Servicios Sociales.<\/p>\n<p>De esta forma, quedar\u00e1n en manos de los diputados los cambios del reparto secundario. Una pelea que se podr\u00eda tornar eterna si no alcanza un m\u00ednimo consenso sobre los criterios a abordar para establecer la distribuci\u00f3n de los fondos.<\/p>\n<h6>Fuente: La Opini\u00f3n austral<\/h6>\n","protected":false},"excerpt":{"rendered":"<p>Ante la dificultad de llegar a un acuerdo que conforme a todos, el Gobierno decidi\u00f3 volver sobre sus pasos y reafirmar su decisi\u00f3n de s\u00f3lo avanzar en la propuesta de modificaci\u00f3n del \u00edndice primario de la Coparticipaci\u00f3n.<\/p>\n","protected":false},"author":2,"featured_media":90733,"comment_status":"closed","ping_status":"closed","sticky":false,"template":"","format":"standard","meta":{"footnotes":""},"categories":[5],"tags":[29],"class_list":["post-90732","post","type-post","status-publish","format-standard","has-post-thumbnail","hentry","category-informe-economico","tag-santa-cruz"],"_links":{"self":[{"href":"http:\/\/argentinamunicipal.com.ar\/argentina\/wp-json\/wp\/v2\/posts\/90732","targetHints":{"allow":["GET"]}}],"collection":[{"href":"http:\/\/argentinamunicipal.com.ar\/argentina\/wp-json\/wp\/v2\/posts"}],"about":[{"href":"http:\/\/argentinamunicipal.com.ar\/argentina\/wp-json\/wp\/v2\/types\/post"}],"author":[{"embeddable":true,"href":"http:\/\/argentinamunicipal.com.ar\/argentina\/wp-json\/wp\/v2\/users\/2"}],"replies":[{"embeddable":true,"href":"http:\/\/argentinamunicipal.com.ar\/argentina\/wp-json\/wp\/v2\/comments?post=90732"}],"version-history":[{"count":0,"href":"http:\/\/argentinamunicipal.com.ar\/argentina\/wp-json\/wp\/v2\/posts\/90732\/revisions"}],"wp:featuredmedia":[{"embeddable":true,"href":"http:\/\/argentinamunicipal.com.ar\/argentina\/wp-json\/wp\/v2\/media\/90733"}],"wp:attachment":[{"href":"http:\/\/argentinamunicipal.com.ar\/argentina\/wp-json\/wp\/v2\/media?parent=90732"}],"wp:term":[{"taxonomy":"category","embeddable":true,"href":"http:\/\/argentinamunicipal.com.ar\/argentina\/wp-json\/wp\/v2\/categories?post=90732"},{"taxonomy":"post_tag","embeddable":true,"href":"http:\/\/argentinamunicipal.com.ar\/argentina\/wp-json\/wp\/v2\/tags?post=90732"}],"curies":[{"name":"wp","href":"https:\/\/api.w.org\/{rel}","templated":true}]}}