{"id":90759,"date":"2019-05-29T19:25:26","date_gmt":"2019-05-29T22:25:26","guid":{"rendered":"http:\/\/argentinamunicipal.com.ar\/argentina\/?p=90759"},"modified":"2019-05-29T19:25:26","modified_gmt":"2019-05-29T22:25:26","slug":"de-la-concordancia-a-cambiemos","status":"publish","type":"post","link":"http:\/\/argentinamunicipal.com.ar\/argentina\/de-la-concordancia-a-cambiemos\/","title":{"rendered":"De la Concordancia a Cambiemos"},"content":{"rendered":"<p>\u201cLa l\u00f3gica de la imposici\u00f3n econ\u00f3mica a partir del financiamiento externo y del condicionamiento del FMI hace que se pueda jugar con ellos, pero no violarlos, porque los que nos violan son ellos\u201d.<br \/>\n\u201cVienen por los derechos de todo el pueblo argentino. Si no resistimos seguir\u00e1n aniquilando los derechos sociales y terminar\u00e1n derogando toda la legislaci\u00f3n laboral\u201d.<br \/>\n\u201cEn la Argentina las que mandan son las empresas de servicios p\u00fablicos privatizadas\u201d.<br \/>\n\u201cA un presidente lo respalda el pueblo o lo soporta el establishment econ\u00f3mico\u201d.<br \/>\n\u201cEn Brasil el candidato a ser votado es Lula, y en consecuencia tiene que haber muertos y amenazas para que Lula no sea electo\u201d.<br \/>\n\u201cHoy hay un Macri con licuaci\u00f3n de pasivos, \u00a1pero c\u00f3mo no lo van a perdonar a Macri, con lo que ha financiado!\u201d.<br \/>\nPropongo al lector\/a que adivine qui\u00e9n escribi\u00f3 en un libro estos conceptos.<br \/>\nFue Elisa Carri\u00f3 en 2004, en su libro Hacia un nuevo contrato moral.<br \/>\nVamos ahora a otros conceptos.<br \/>\n\u201cPeronismo-antiperonismo vino a reemplazar para muchos la antinomia popular-antipopular, ocasionando una falsa y peligrosa divisi\u00f3n del pueblo argentino\u201d.<br \/>\n\u201cLas minor\u00edas latinoamericanas se\u00f1alaron que cualquier pol\u00edtica que se plantee el objetivo de la distribuci\u00f3n del ingreso y la ampliaci\u00f3n de la participaci\u00f3n es &#8216;populista&#8217;, condenada irremisiblemente al fracaso\u201d.<br \/>\n\u201cEl Estado no puede ser propiedad privada de los sectores econ\u00f3micamente poderosos. Las oligarqu\u00edas tienden siempre a pensar que los due\u00f1os de las empresas o del dinero tienen que ser los due\u00f1os del Estado\u201d.<br \/>\n\u201cMacri es un peligro para la Argentina. Si llega a triunfar en la Capital podr\u00edamos tenerlo en poco tiempo en la Presidencia de la Naci\u00f3n. La derecha en la Argentina es fuerte. Y en la Capital m\u00e1s todav\u00eda.\u201d<br \/>\nPropongo nuevamente adivinar quien escribi\u00f3 estos conceptos en 1966, 1983 y 2005. Fue Ra\u00fal Alfons\u00edn.<br \/>\nEn los \u00faltimos d\u00edas, la UCR y la Coalici\u00f3n C\u00edvica-ARI ratificaron la Alianza Cambiemos y es tiempo de preguntarse: \u00bfc\u00f3mo fue posible que el radicalismo que naci\u00f3 pelando contra los conservadores en 1891 y que el ARI que naci\u00f3 denunciando al establishment en 2001 hayan confluido con PRO?<br \/>\nEstas preguntas se insertan en un contexto m\u00e1s amplio. En ese contexto encontramos en primer lugar el sue\u00f1o de las terceras fuerzas. El de los radicales antipersonalistas de los a\u00f1os 20, que criticando a la vez a yrigoyenistas y conservadores terminaron concordando con estos \u00faltimos en los a\u00f1os 30. El del Frepaso, que criticando el bipartidismo en los a\u00f1os 90 condujo a la Alianza. Y tambi\u00e9n el del ARI y las variadas experiencias terceristas de este siglo XXI (CC, ACyS, FAP, Unen, Faunen) que, cr\u00edticos a la vez del kirchnerismo y el macrismo, abonaron el suelo para la germinaci\u00f3n de Cambiemos.<br \/>\nEn segundo lugar, la deriva del radicalismo, del alfonsinismo a la inmersi\u00f3n en la olla hirviente de Cambiemos.<br \/>\nEn tercer lugar, la evoluci\u00f3n de la derecha liberal en Argentina, de la UCeD\u00e9 al PRO. Por \u00faltimo, est\u00e1 la cuesti\u00f3n del futuro, el necesario ensanche de una unidad ciudadana amplia y plural para enfrentar el peligro de continuidad del proyecto macrista.<\/p>\n<p>Por\u00a0Mariano Echenique<br \/>\n*\u00a0Doctor en Ciencias de la Educaci\u00f3n (UNLP). Autor del libro\u00a0De la Concordancia a Cambiemos. El sue\u00f1o de las terceras fuerzas(Homo Sapiens), que ser\u00e1 presentado este viernes 31, a las 19, en UTE, Bartolom\u00e9 Mitre 1984 (CABA), con la participaci\u00f3n de Marcelo Creta, Delia Bisutti, Fernando Melillo y Leandro Santoro.<\/p>\n<h6>Fuente: P\u00e1gina 12<\/h6>\n<p>&nbsp;<\/p>\n","protected":false},"excerpt":{"rendered":"<p>\u201cLa l\u00f3gica de la imposici\u00f3n econ\u00f3mica a partir del financiamiento externo y del condicionamiento del FMI hace que se pueda jugar con ellos, pero no violarlos, porque los que nos violan son ellos\u201d.\u00a0<\/p>\n","protected":false},"author":2,"featured_media":90760,"comment_status":"closed","ping_status":"closed","sticky":false,"template":"","format":"standard","meta":{"footnotes":""},"categories":[6],"tags":[21],"class_list":["post-90759","post","type-post","status-publish","format-standard","has-post-thumbnail","hentry","category-opiniones","tag-argentina"],"_links":{"self":[{"href":"http:\/\/argentinamunicipal.com.ar\/argentina\/wp-json\/wp\/v2\/posts\/90759","targetHints":{"allow":["GET"]}}],"collection":[{"href":"http:\/\/argentinamunicipal.com.ar\/argentina\/wp-json\/wp\/v2\/posts"}],"about":[{"href":"http:\/\/argentinamunicipal.com.ar\/argentina\/wp-json\/wp\/v2\/types\/post"}],"author":[{"embeddable":true,"href":"http:\/\/argentinamunicipal.com.ar\/argentina\/wp-json\/wp\/v2\/users\/2"}],"replies":[{"embeddable":true,"href":"http:\/\/argentinamunicipal.com.ar\/argentina\/wp-json\/wp\/v2\/comments?post=90759"}],"version-history":[{"count":0,"href":"http:\/\/argentinamunicipal.com.ar\/argentina\/wp-json\/wp\/v2\/posts\/90759\/revisions"}],"wp:featuredmedia":[{"embeddable":true,"href":"http:\/\/argentinamunicipal.com.ar\/argentina\/wp-json\/wp\/v2\/media\/90760"}],"wp:attachment":[{"href":"http:\/\/argentinamunicipal.com.ar\/argentina\/wp-json\/wp\/v2\/media?parent=90759"}],"wp:term":[{"taxonomy":"category","embeddable":true,"href":"http:\/\/argentinamunicipal.com.ar\/argentina\/wp-json\/wp\/v2\/categories?post=90759"},{"taxonomy":"post_tag","embeddable":true,"href":"http:\/\/argentinamunicipal.com.ar\/argentina\/wp-json\/wp\/v2\/tags?post=90759"}],"curies":[{"name":"wp","href":"https:\/\/api.w.org\/{rel}","templated":true}]}}