{"id":90777,"date":"2019-05-30T05:44:57","date_gmt":"2019-05-30T08:44:57","guid":{"rendered":"http:\/\/argentinamunicipal.com.ar\/argentina\/?p=90777"},"modified":"2019-05-29T19:46:46","modified_gmt":"2019-05-29T22:46:46","slug":"el-pj-bonaerense-asegura-el-acatamiento-al-paro-en-nuestros-distritos-es-el-mas-alto-que-recordamos","status":"publish","type":"post","link":"http:\/\/argentinamunicipal.com.ar\/argentina\/el-pj-bonaerense-asegura-el-acatamiento-al-paro-en-nuestros-distritos-es-el-mas-alto-que-recordamos\/","title":{"rendered":"El PJ bonaerense asegura: \u201cEl acatamiento al paro en nuestros distritos es el m\u00e1s alto que recordamos\u201d"},"content":{"rendered":"<p>En conferencia de prensa junto a dirigentes gremiales, el intendente de Merlo, Gustavo Men\u00e9ndez, habl\u00f3 en nombre de los alcaldes peronistas de la Provincia, y asegur\u00f3 \u201clas circunstancias econ\u00f3mico y sociales en nuestros distritos son tremendas\u201d.<\/p>\n<p>En conferencia de prensa en la\u00a0sede de Camioneros, todo el arco del\u00a0Frente Sindical y parte del PJ bonaerense\u00a0evaluaron el impacto del paro general contra las medidas de Cambiemos de este mi\u00e9rcoles.\u00a0Encabezada por Hugo Moyano y Sergio Palazzo, se lleg\u00f3 a la conclusi\u00f3n que \u201cla medida de fuerza fue efectiva\u201d.<\/p>\n<p>En nombre del\u00a0peronismo de la provincia de Buenos Aires habl\u00f3 el\u00a0jefe comunal de Merlo, Gustavo Men\u00e9ndez.\u00a0\u201cLos intendentes peronistas de la provincia de Buenos Aires estamos con una adhesi\u00f3n total a la dif\u00edcil decisi\u00f3n que significa hacer un paro de estas caracter\u00edsticas que han tenido que tomar los compa\u00f1eros del movimiento obrero organizado\u201d, dijo.<\/p>\n<p>En este sentido, asegur\u00f3:\u00a0\u201cEl acatamiento que vemos en nuestro distritos es el m\u00e1s alto que recordamos todos.\u00a0Eso habla a las claras de la imposibilidad que tiene este Gobierno de poder ver, ver circunstancias que en nuestros municipios son tremendas: miles y miles de personas desempleadas, un fen\u00f3meno nuevo que son trabajadores en blanco pobres, un corrimiento de la econom\u00eda formal a la econom\u00eda informal\u201d.<\/p>\n<p>En otro orden de cosas, el alcalde le dedic\u00f3 unas palabras a los sindicalistas: \u201cEstos hombres est\u00e1n haciendo Patria. Estoy muy orgulloso de nuestros representantes que est\u00e1n al frente de los gremios\u201d. Sin embargo, asegur\u00f3: \u201cNo es una jornada de alegr\u00eda pero estamos conformes por el alto nivel de acatamiento. Dios nos ilumine a todos y que esa unidad que cada vez toma m\u00e1s fuerza, ojal\u00e1 se cristialice con la derrota del neoliberalismo, y que el d\u00eda de ma\u00f1ana, los historiadores recuerden al 2019, el a\u00f1o en que Evita cumplir\u00eda 100 a\u00f1os, como el \u00faltimo a\u00f1o que gobern\u00f3 el neoliberalismo en Argentina\u201d.<\/p>\n<p>A su vez, Men\u00e9ndez se refiri\u00f3 al acto en el que particip\u00f3 Mauricio Macri donde se conmemor\u00f3 el 209 aniversario de la creaci\u00f3n del Ej\u00e9rcito Argentino. \u201cYo no puedo creer que el presidente no haya hecho ninguna alusi\u00f3n al paro. Cualquier presidente deber\u00eda poder mirar a los ojos a los hombres que est\u00e1n haciendo Patria\u201d, dijo y concluy\u00f3: \u201cEl peronismo y el movimiento de los trabajadores cada derecha que gan\u00f3 en la historia fue en la calle, es para reflexionar\u201d.<\/p>\n<h6>Fuente: InfoCielo<\/h6>\n","protected":false},"excerpt":{"rendered":"<p>En conferencia de prensa junto a dirigentes gremiales, el intendente de Merlo, Gustavo Men\u00e9ndez, habl\u00f3 en nombre de los alcaldes peronistas de la Provincia, y asegur\u00f3 \u201clas circunstancias econ\u00f3mico y sociales en nuestros distritos son tremendas\u201d.<\/p>\n","protected":false},"author":2,"featured_media":90778,"comment_status":"closed","ping_status":"closed","sticky":false,"template":"","format":"standard","meta":{"footnotes":""},"categories":[4],"tags":[12],"class_list":["post-90777","post","type-post","status-publish","format-standard","has-post-thumbnail","hentry","category-informe-politico","tag-buenos-aires"],"_links":{"self":[{"href":"http:\/\/argentinamunicipal.com.ar\/argentina\/wp-json\/wp\/v2\/posts\/90777","targetHints":{"allow":["GET"]}}],"collection":[{"href":"http:\/\/argentinamunicipal.com.ar\/argentina\/wp-json\/wp\/v2\/posts"}],"about":[{"href":"http:\/\/argentinamunicipal.com.ar\/argentina\/wp-json\/wp\/v2\/types\/post"}],"author":[{"embeddable":true,"href":"http:\/\/argentinamunicipal.com.ar\/argentina\/wp-json\/wp\/v2\/users\/2"}],"replies":[{"embeddable":true,"href":"http:\/\/argentinamunicipal.com.ar\/argentina\/wp-json\/wp\/v2\/comments?post=90777"}],"version-history":[{"count":0,"href":"http:\/\/argentinamunicipal.com.ar\/argentina\/wp-json\/wp\/v2\/posts\/90777\/revisions"}],"wp:featuredmedia":[{"embeddable":true,"href":"http:\/\/argentinamunicipal.com.ar\/argentina\/wp-json\/wp\/v2\/media\/90778"}],"wp:attachment":[{"href":"http:\/\/argentinamunicipal.com.ar\/argentina\/wp-json\/wp\/v2\/media?parent=90777"}],"wp:term":[{"taxonomy":"category","embeddable":true,"href":"http:\/\/argentinamunicipal.com.ar\/argentina\/wp-json\/wp\/v2\/categories?post=90777"},{"taxonomy":"post_tag","embeddable":true,"href":"http:\/\/argentinamunicipal.com.ar\/argentina\/wp-json\/wp\/v2\/tags?post=90777"}],"curies":[{"name":"wp","href":"https:\/\/api.w.org\/{rel}","templated":true}]}}