{"id":90780,"date":"2019-05-30T05:47:05","date_gmt":"2019-05-30T08:47:05","guid":{"rendered":"http:\/\/argentinamunicipal.com.ar\/argentina\/?p=90780"},"modified":"2019-05-29T19:57:47","modified_gmt":"2019-05-29T22:57:47","slug":"alumnos-de-cuatro-distritos-bonaerenses-dejaron-de-ir-a-la-escuela-porque-no-pueden-pagar-el-transporte","status":"publish","type":"post","link":"http:\/\/argentinamunicipal.com.ar\/argentina\/alumnos-de-cuatro-distritos-bonaerenses-dejaron-de-ir-a-la-escuela-porque-no-pueden-pagar-el-transporte\/","title":{"rendered":"Alumnos de cuatro distritos bonaerenses dejaron de ir a la escuela porque no pueden pagar el transporte"},"content":{"rendered":"<p>A tres meses del inicio del ciclo escolar cientos de alumnos bonaerenses por falta de vacantes deben viajar todos los d\u00edas a distritos vecinos, pero ante la crisis econ\u00f3mica ya no pueden hacerse cargo de la tarifa de transporte.<\/p>\n<p>La comunidad de\u00a0madres y padres de alumnos de\u00a0La Plata, Magdalena, Brandsen y San Vicente\u00a0reclaman a la provincia de Buenos Aires\u00a0urgente respuesta y soluci\u00f3n ante el drama que est\u00e1n viviendo:\u00a0no hay vacantes para alumnos en cada localidad por lo que tienen que llevar a sus hijos a distritos vecinos. Pero ya no pueden pagar el transporte<\/p>\n<p>Hace un mes la\u00a0concejala platense\u00a0Victoria Tolosa Paz\u00a0solicit\u00f3 al gobierno provincial que garantice el transporte gratuito para m\u00e1s de ochenta alumnos de la localidad de Poblet bajo la misma situaci\u00f3n.<\/p>\n<p>Ahora, a tres meses del inicio del ciclo escolar, vuelve a insistir ya que, asegura que el gobierno provincial no logra resolver el traslado de cientos de alumnos. En ese marco, concejales y referentes sociales de La Plata, Magdalena, Brandsen y San Vicente acordaron volver llevar un reclamo conjunto\u00a0a la Provincia para que \u201cgarantice de manera urgente el derecho a la educaci\u00f3n\u201d.<\/p>\n<p>\u201cEn los cuatro distritos relevamos situaciones de ni\u00f1os, ni\u00f1as y adolescentes que no tienen acceso a la educaci\u00f3n p\u00fablica; esto es que no hay bancos de escuelas que puedan garantizar el servicio educativo, y al mismo tiempo no tienen garantizado el transporte a distritos vecinos\u201d, dijo Victoria Tolosa Paz al t\u00e9rmino del primer encuentro de la comisi\u00f3n sobre pol\u00edticas socioeducativas que se desarroll\u00f3 en La Plata.<\/p>\n<p>La candidata a intendente agreg\u00f3 que \u201cen La Plata tenemos un problema grave con 88 chicos de Poblet que van a la Escuela 21 de Magdalena; mientras que en Brandsen hay m\u00e1s de 250 chicos de nuestra ciudad que estudian en Oliden, G\u00f3mez, Paraje El Chaj\u00e1, Estaci\u00f3n Buchan\u00e1n y Samboromb\u00f3n. Hoy\u00a0el transporte es impagable para todas las familias y por eso estamos solicitando a la direcci\u00f3n de Log\u00edstica de la Direcci\u00f3n General de Escuelas que garantice los traslados\u201d.<\/p>\n<p>Por su parte,\u00a0la concejal de Unidad Ciudadana de Magdalena Patricia A\u00f1a\u00f1os\u00a0se\u00f1al\u00f3 que \u201cla problem\u00e1tica educativa en nuestro distrito es alarmante y ahora much\u00edsimos chicos se quedan sin transporte porque las licitaciones quedan desiertas. En cinco de nuestras escuelas, 21, 14, 9, 20 y 27, los chicos est\u00e1n dejando de asistir a clases por este problema. S\u00f3lo en la Escuela 14 son m\u00e1s de 90 los alumnos que recibimos de La Plata\u201d.<\/p>\n<p>En ese cuadro coincidi\u00f3\u00a0Claudia Gantus, concejal de Unidad Ciudadana en el distrito de San Vicente: \u201cLa problem\u00e1tica educativa no es ajena a todo lo que sucede en la Provincia y en particular a las zonas con las que hoy nos reunimos. La falta de vacantes es preocupante: hay alrededor de 300 chicos de nivel primario; unos 1200 de jard\u00edn de infantes y alrededor de 200 de nivel secundario que no est\u00e1n escolarizados, con\u00a0 lo cual se vulnera el derecho social a la educaci\u00f3n\u201d, sostuvo.<\/p>\n<p>Marcelo Zarlenga, consejero general de Cultura y Educaci\u00f3n de la Provincia y precandidato a intendente de Brandsen aport\u00f3 los n\u00fameros de su distrito: \u201cLa situaci\u00f3n es la de una matr\u00edcula de 305 alumnos que son de otros distritos, como Chascom\u00fas y La Plata principalmente, que no tienen garantizado el transporte; en algunos casos lo hacen a trav\u00e9s del transporte p\u00fablico. Pero frente a la terrible situaci\u00f3n econ\u00f3mica sus padres no pueden garantizar la continuidad escolar\u201d.<\/p>\n<p>Como ejemplo para graficar la problem\u00e1tica se puede decir que en el caso del trayecto Poblet \u2013 Magdalena, donde no hay transporte p\u00fablico que lo cubra, padres y madres tienen que afrontar un gasto de hasta $2.000 por mes.<\/p>\n<p>\u201cEl Estado tiene que garantizar el acceso a la educaci\u00f3n. En primer lugar con vacantes,\u00a0 y no en caso de no haber vacantes, entonces debe garantizar el traslado de esos alumnos y alumnas a distritos vecinos. Como nada de eso sucede, el resultado es que cientos de chicos dejan de estudiar\u201d, resumi\u00f3 Tolosa Paz.<\/p>\n<h6>Fuente: InfoCielo<\/h6>\n","protected":false},"excerpt":{"rendered":"<p>A tres meses del inicio del ciclo escolar cientos de alumnos bonaerenses por falta de vacantes deben viajar todos los d\u00edas a distritos vecinos, pero ante la crisis econ\u00f3mica ya no pueden hacerse cargo de la tarifa de transporte.<\/p>\n","protected":false},"author":2,"featured_media":90781,"comment_status":"closed","ping_status":"closed","sticky":false,"template":"","format":"standard","meta":{"footnotes":""},"categories":[2],"tags":[12],"class_list":["post-90780","post","type-post","status-publish","format-standard","has-post-thumbnail","hentry","category-informe-municipal","tag-buenos-aires"],"_links":{"self":[{"href":"http:\/\/argentinamunicipal.com.ar\/argentina\/wp-json\/wp\/v2\/posts\/90780","targetHints":{"allow":["GET"]}}],"collection":[{"href":"http:\/\/argentinamunicipal.com.ar\/argentina\/wp-json\/wp\/v2\/posts"}],"about":[{"href":"http:\/\/argentinamunicipal.com.ar\/argentina\/wp-json\/wp\/v2\/types\/post"}],"author":[{"embeddable":true,"href":"http:\/\/argentinamunicipal.com.ar\/argentina\/wp-json\/wp\/v2\/users\/2"}],"replies":[{"embeddable":true,"href":"http:\/\/argentinamunicipal.com.ar\/argentina\/wp-json\/wp\/v2\/comments?post=90780"}],"version-history":[{"count":0,"href":"http:\/\/argentinamunicipal.com.ar\/argentina\/wp-json\/wp\/v2\/posts\/90780\/revisions"}],"wp:featuredmedia":[{"embeddable":true,"href":"http:\/\/argentinamunicipal.com.ar\/argentina\/wp-json\/wp\/v2\/media\/90781"}],"wp:attachment":[{"href":"http:\/\/argentinamunicipal.com.ar\/argentina\/wp-json\/wp\/v2\/media?parent=90780"}],"wp:term":[{"taxonomy":"category","embeddable":true,"href":"http:\/\/argentinamunicipal.com.ar\/argentina\/wp-json\/wp\/v2\/categories?post=90780"},{"taxonomy":"post_tag","embeddable":true,"href":"http:\/\/argentinamunicipal.com.ar\/argentina\/wp-json\/wp\/v2\/tags?post=90780"}],"curies":[{"name":"wp","href":"https:\/\/api.w.org\/{rel}","templated":true}]}}