{"id":90783,"date":"2019-05-30T06:01:23","date_gmt":"2019-05-30T09:01:23","guid":{"rendered":"http:\/\/argentinamunicipal.com.ar\/argentina\/?p=90783"},"modified":"2019-05-29T20:03:43","modified_gmt":"2019-05-29T23:03:43","slug":"buenos-aires-pese-a-la-represion-agrupaciones-de-base-se-desmarcaron-de-la-cgt-con-protestas","status":"publish","type":"post","link":"http:\/\/argentinamunicipal.com.ar\/argentina\/buenos-aires-pese-a-la-represion-agrupaciones-de-base-se-desmarcaron-de-la-cgt-con-protestas\/","title":{"rendered":"Buenos Aires: pese a la represi\u00f3n, agrupaciones de base se desmarcaron de la CGT con protestas"},"content":{"rendered":"<p>Se trata de manifestaciones en distintos accesos a la Capital que contemplan un acto cerca del Obelisco.<\/p>\n<p>Las organizaciones de base, agrupaciones de izquierda y trabajadores de empresas en crisis marcan su propia agenda en medio del paro al que convoc\u00f3 la CGT con protestas en varios accesos a la Ciudad de Buenos Aires. Las actividades ocurren en medio de un fuerte operativo de seguridad y los manifestantes anunciaron que se desplazar\u00e1n hasta las inmediaciones del Obelisco para realizan de un acto.<\/p>\n<p>Mientras tanto, Prefectura se apost\u00f3 para evitar que accedan al puente al tiempo que emplaz\u00f3 una valla que se us\u00f3 para la cumbre del G20. Por su parte, los veh\u00edculos que circulan desde la zona sur hacia la Ciudad de Buenos Aires pueden acceder al puente por el otro acceso.<\/p>\n<p>A su vez, los manifestantes que se ubicaron en el\u00a0Acceso Oeste y la calle Vergara y en la Panamericana, altura ruta 197, se ubicaron en las colectoras de mano hacia la Capital Federal. Sin embargo, el tr\u00e1nsito est\u00e1 liberado en la calzada principal de ambas autopistas.<\/p>\n<p>Otro foco de protesta se ubic\u00f3 en el acceso hacia la ciudad del Puente La Noria, con trabajadores de empresas de colectivos de la zona que est\u00e1n paralizadas desde hace meses.<\/p>\n<h6>Fuente: infoNews<\/h6>\n","protected":false},"excerpt":{"rendered":"<p>Se trata de manifestaciones en distintos accesos a la Capital que contemplan un acto cerca del Obelisco.<\/p>\n","protected":false},"author":2,"featured_media":90784,"comment_status":"closed","ping_status":"closed","sticky":false,"template":"","format":"standard","meta":{"footnotes":""},"categories":[2],"tags":[12],"class_list":["post-90783","post","type-post","status-publish","format-standard","has-post-thumbnail","hentry","category-informe-municipal","tag-buenos-aires"],"_links":{"self":[{"href":"http:\/\/argentinamunicipal.com.ar\/argentina\/wp-json\/wp\/v2\/posts\/90783","targetHints":{"allow":["GET"]}}],"collection":[{"href":"http:\/\/argentinamunicipal.com.ar\/argentina\/wp-json\/wp\/v2\/posts"}],"about":[{"href":"http:\/\/argentinamunicipal.com.ar\/argentina\/wp-json\/wp\/v2\/types\/post"}],"author":[{"embeddable":true,"href":"http:\/\/argentinamunicipal.com.ar\/argentina\/wp-json\/wp\/v2\/users\/2"}],"replies":[{"embeddable":true,"href":"http:\/\/argentinamunicipal.com.ar\/argentina\/wp-json\/wp\/v2\/comments?post=90783"}],"version-history":[{"count":0,"href":"http:\/\/argentinamunicipal.com.ar\/argentina\/wp-json\/wp\/v2\/posts\/90783\/revisions"}],"wp:featuredmedia":[{"embeddable":true,"href":"http:\/\/argentinamunicipal.com.ar\/argentina\/wp-json\/wp\/v2\/media\/90784"}],"wp:attachment":[{"href":"http:\/\/argentinamunicipal.com.ar\/argentina\/wp-json\/wp\/v2\/media?parent=90783"}],"wp:term":[{"taxonomy":"category","embeddable":true,"href":"http:\/\/argentinamunicipal.com.ar\/argentina\/wp-json\/wp\/v2\/categories?post=90783"},{"taxonomy":"post_tag","embeddable":true,"href":"http:\/\/argentinamunicipal.com.ar\/argentina\/wp-json\/wp\/v2\/tags?post=90783"}],"curies":[{"name":"wp","href":"https:\/\/api.w.org\/{rel}","templated":true}]}}