{"id":90789,"date":"2019-05-30T06:07:33","date_gmt":"2019-05-30T09:07:33","guid":{"rendered":"http:\/\/argentinamunicipal.com.ar\/argentina\/?p=90789"},"modified":"2019-05-29T20:09:20","modified_gmt":"2019-05-29T23:09:20","slug":"rosario-le-dijo-basta-a-las-politicas-del-gobierno-nacional-con-dos-masivos-actos","status":"publish","type":"post","link":"http:\/\/argentinamunicipal.com.ar\/argentina\/rosario-le-dijo-basta-a-las-politicas-del-gobierno-nacional-con-dos-masivos-actos\/","title":{"rendered":"Rosario le dijo \u00abbasta\u00bb a las pol\u00edticas del gobierno nacional con dos masivos actos"},"content":{"rendered":"<p>En dos actos que contaron con gran cantidad de manifestantes, los principales gremialistas llamaron a la unidad del movimiento obrero para cambiar la realidad, que golpea cada vez m\u00e1s a los trabajadores.<\/p>\n<p>Con el foco puesto en la crisis econ\u00f3mica, el hambre y el desempleo, los gremios nucleados en el Movimiento Sindical Rosario (MSR) y la Multisectorial 21F le dijeron \u00abbasta\u00bb al gobierno de Mauricio Macri en sendos actos masivos organizados en la plaza 25 de Mayo y la puerta de la Bolsa de Comercio.<\/p>\n<p>Los \u00faltimos \u00edndices de la actividad econ\u00f3mica y la constante p\u00e9rdida del poder adquisitivo empujaron a un nuevo paro nacional -el quinto de la era Macri- en contra del rumbo econ\u00f3mico que lleva adelante el gobierno nacional.<\/p>\n<p>As\u00ed, tanto la hist\u00f3rica plaza frente al Correo y la Municipalidad como la esquina de C\u00f3rdoba y Corrientes se llenaron de manifestantes, sindicatos y organizaciones sociales y estudiantiles para repudiar la crisis.<\/p>\n<p>Tras la lectura del documento en la plaza 25 de Mayo, el titular del Sindicato de Prensa Rosario (SPR), Edgardo Carmona, lanz\u00f3 una dura cr\u00edtica hacia la gesti\u00f3n de Cambiemos.\u00a0\u00abEllos hacen cuentas a fin de a\u00f1o y sonr\u00eden cuando logran disfrazar los negocios particulares en intereses del Estado. S\u00f3lo sonr\u00eden cuando sus patrones llenan sus pasillos con bonos millonarios despu\u00e9s de hambrear al pueblo. Nosotros, en cambio, s\u00f3lo sonre\u00edmos a carcajadas y disfrutamos cuando nuestros compa\u00f1eros recuperan sus puestos de trabajo, nuestros pibes van a la escuela y comen todos los d\u00edas en su casa\u00bb, enfatiz\u00f3.<\/p>\n<p>Asimismo, agreg\u00f3: \u00abFestejamos el trabajo y la educaci\u00f3n para todos en una sociedad horizontal e igualitaria, en cambio, ellos hablan de libertad de mercado, de integraci\u00f3n internacional y de libertades individuales. Y cuando hablan de libertad de mercado, en la pr\u00e1ctica se traduce en sabotaje y en la entrega de las riquezas de nuestra patria\u00bb.<\/p>\n<p>A su turno, la titular de Ctera y Amsaf\u00e9, Sonia Alesso, llam\u00f3 a la toda la comunidad a \u00absalir a militar casa por casa\u00bb para \u00abconstruir un futuro mejor\u00bb.<\/p>\n<p>En tanto, el secretario general del sindicato Luz y Fuerza dijo que \u00abcomo dijimos el primer d\u00eda, no vamos a dejar la calle hasta derribar a este gobierno. Esa tambi\u00e9n es una nueva promesa que asumimos en el d\u00eda de hoy en esta hist\u00f3rica plaza. A seguir militando con fuerza, que no nos roben los sue\u00f1os, vamos por un cambio positivo para el pa\u00eds, basta de macrismo, basta de Mauricio Macri, basta de Fondo Monetario Internacional\u00bb.<\/p>\n<p>Por otra parte pidi\u00f3 por la unidad del sindicalismo rosarino y dijo: \u00abNo les quepa la menor duda que la pr\u00f3xima marcha que se haga en Rosario va a ser una sola unidad de los trabajadores. Vamos atrabajar por eso, tenemos el compromiso de mostrar ese camino\u00bb.<\/p>\n<p>Mientras esto ocurr\u00eda en C\u00f3rdoba y Buenos Aires, en la puerta de la Bolsa de Comercio, el titular del sindicato Obras Sanitarias, Oscar Barrionuevo, asegur\u00f3 que \u00aba los trabajadores nos queda la lucha, tenemos que ser consecuentes con eso y tratar que el organismo nacional interprete que sienten los trabajadores. Hoy por hoy no estamos de acuerdo con la CGT, que todav\u00eda nos debe porque la lucha de ser pertinaz y consecuente\u00bb.<\/p>\n<p>En ese sentido, sostuvo que \u00abno va a haber un cambio de rumbo, lo que s\u00ed creo es que el mundo del trabajo tiene que estar decidido permanentemente a la lucha porque no hay otra forma. Estamos ante seres insensibles que nos han da\u00f1ado a lo largo de toda su historia\u00bb.<\/p>\n<h6>Fuente: La Capital<\/h6>\n","protected":false},"excerpt":{"rendered":"<p>En dos actos que contaron con gran cantidad de manifestantes, los principales gremialistas llamaron a la unidad del movimiento obrero para cambiar la realidad, que golpea cada vez m\u00e1s a los trabajadores.<\/p>\n","protected":false},"author":2,"featured_media":90790,"comment_status":"closed","ping_status":"closed","sticky":false,"template":"","format":"standard","meta":{"footnotes":""},"categories":[2],"tags":[10],"class_list":["post-90789","post","type-post","status-publish","format-standard","has-post-thumbnail","hentry","category-informe-municipal","tag-santa-fe"],"_links":{"self":[{"href":"http:\/\/argentinamunicipal.com.ar\/argentina\/wp-json\/wp\/v2\/posts\/90789","targetHints":{"allow":["GET"]}}],"collection":[{"href":"http:\/\/argentinamunicipal.com.ar\/argentina\/wp-json\/wp\/v2\/posts"}],"about":[{"href":"http:\/\/argentinamunicipal.com.ar\/argentina\/wp-json\/wp\/v2\/types\/post"}],"author":[{"embeddable":true,"href":"http:\/\/argentinamunicipal.com.ar\/argentina\/wp-json\/wp\/v2\/users\/2"}],"replies":[{"embeddable":true,"href":"http:\/\/argentinamunicipal.com.ar\/argentina\/wp-json\/wp\/v2\/comments?post=90789"}],"version-history":[{"count":0,"href":"http:\/\/argentinamunicipal.com.ar\/argentina\/wp-json\/wp\/v2\/posts\/90789\/revisions"}],"wp:featuredmedia":[{"embeddable":true,"href":"http:\/\/argentinamunicipal.com.ar\/argentina\/wp-json\/wp\/v2\/media\/90790"}],"wp:attachment":[{"href":"http:\/\/argentinamunicipal.com.ar\/argentina\/wp-json\/wp\/v2\/media?parent=90789"}],"wp:term":[{"taxonomy":"category","embeddable":true,"href":"http:\/\/argentinamunicipal.com.ar\/argentina\/wp-json\/wp\/v2\/categories?post=90789"},{"taxonomy":"post_tag","embeddable":true,"href":"http:\/\/argentinamunicipal.com.ar\/argentina\/wp-json\/wp\/v2\/tags?post=90789"}],"curies":[{"name":"wp","href":"https:\/\/api.w.org\/{rel}","templated":true}]}}