{"id":908,"date":"2014-02-13T13:38:52","date_gmt":"2014-02-13T16:38:52","guid":{"rendered":"http:\/\/argentinamunicipal.com.ar\/argentina\/?p=908"},"modified":"2014-02-13T15:39:58","modified_gmt":"2014-02-13T18:39:58","slug":"mas-asambleas-municipales-del-suoem-en-cordoba","status":"publish","type":"post","link":"http:\/\/argentinamunicipal.com.ar\/argentina\/mas-asambleas-municipales-del-suoem-en-cordoba\/","title":{"rendered":"M\u00e1s asambleas municipales del SUOEM en C\u00f3rdoba"},"content":{"rendered":"<p><a href=\"http:\/\/argentinamunicipal.com.ar\/argentina\/wp-content\/uploads\/2014\/02\/155692_img.jpg\"><img loading=\"lazy\" decoding=\"async\" class=\"size-full wp-image-909 alignleft\" alt=\"155692_img\" src=\"http:\/\/argentinamunicipal.com.ar\/argentina\/wp-content\/uploads\/2014\/02\/155692_img.jpg\" width=\"520\" height=\"335\" srcset=\"http:\/\/argentinamunicipal.com.ar\/argentina\/wp-content\/uploads\/2014\/02\/155692_img.jpg 520w, http:\/\/argentinamunicipal.com.ar\/argentina\/wp-content\/uploads\/2014\/02\/155692_img-300x193.jpg 300w\" sizes=\"auto, (max-width: 520px) 100vw, 520px\" \/><\/a>La medida afecta la Direcci\u00f3n de Defensa Civil, los 97 dispensarios y hospitales comunales. Reclaman, entre otras cosas, por falta de recursos humanos e insumos.<\/p>\n<p>Las asambleas volver\u00e1n a afectar hoy la normal atenci\u00f3n en varias reparticiones municipales del Palacio 6 de Julio, seg\u00fan precisaron desde el Suoem.<\/p>\n<p>El \u00e1rea de Defensa Civil llevar\u00e1 adelante medidas por deudas salariales, problemas de infraestructura y malas condiciones de trabajo.<\/p>\n<p>En tanto que los 97 dispensarios de la ciudad mantendr\u00e1n el conflicto por reclamos de larga data, tales como \u201cfalta de recursos humanos, condiciones edilicias adecuadas, seguridad y servicio de limpieza\u201d, detallaron.<\/p>\n<p>La situaci\u00f3n no es menos complicada en los hospitales Infantil, de Urgencias y Pr\u00edncipe de Asturias, donde s\u00f3lo se atender\u00e1n urgencias y emergencias para pedir insumos y m\u00e1s personal en distintas \u00e1reas.<\/p>\n<pre>Fuente: La Ma\u00f1ana de C\u00f3rdoba<\/pre>\n","protected":false},"excerpt":{"rendered":"<p>La medida afecta la Direcci\u00f3n de Defensa Civil, los 97 dispensarios y hospitales comunales. Reclaman, entre otras cosas, por falta de recursos humanos e insumos. Las asambleas volver\u00e1n a afectar hoy la normal atenci\u00f3n en varias reparticiones municipales del Palacio 6 de Julio, seg\u00fan precisaron desde el Suoem. El \u00e1rea de Defensa Civil llevar\u00e1 adelante<\/p>\n","protected":false},"author":1,"featured_media":909,"comment_status":"closed","ping_status":"closed","sticky":false,"template":"","format":"standard","meta":{"footnotes":""},"categories":[7],"tags":[],"class_list":["post-908","post","type-post","status-publish","format-standard","has-post-thumbnail","hentry","category-informe-sindical"],"_links":{"self":[{"href":"http:\/\/argentinamunicipal.com.ar\/argentina\/wp-json\/wp\/v2\/posts\/908","targetHints":{"allow":["GET"]}}],"collection":[{"href":"http:\/\/argentinamunicipal.com.ar\/argentina\/wp-json\/wp\/v2\/posts"}],"about":[{"href":"http:\/\/argentinamunicipal.com.ar\/argentina\/wp-json\/wp\/v2\/types\/post"}],"author":[{"embeddable":true,"href":"http:\/\/argentinamunicipal.com.ar\/argentina\/wp-json\/wp\/v2\/users\/1"}],"replies":[{"embeddable":true,"href":"http:\/\/argentinamunicipal.com.ar\/argentina\/wp-json\/wp\/v2\/comments?post=908"}],"version-history":[{"count":0,"href":"http:\/\/argentinamunicipal.com.ar\/argentina\/wp-json\/wp\/v2\/posts\/908\/revisions"}],"wp:featuredmedia":[{"embeddable":true,"href":"http:\/\/argentinamunicipal.com.ar\/argentina\/wp-json\/wp\/v2\/media\/909"}],"wp:attachment":[{"href":"http:\/\/argentinamunicipal.com.ar\/argentina\/wp-json\/wp\/v2\/media?parent=908"}],"wp:term":[{"taxonomy":"category","embeddable":true,"href":"http:\/\/argentinamunicipal.com.ar\/argentina\/wp-json\/wp\/v2\/categories?post=908"},{"taxonomy":"post_tag","embeddable":true,"href":"http:\/\/argentinamunicipal.com.ar\/argentina\/wp-json\/wp\/v2\/tags?post=908"}],"curies":[{"name":"wp","href":"https:\/\/api.w.org\/{rel}","templated":true}]}}