{"id":90832,"date":"2019-05-31T06:09:41","date_gmt":"2019-05-31T09:09:41","guid":{"rendered":"http:\/\/argentinamunicipal.com.ar\/argentina\/?p=90832"},"modified":"2019-05-30T19:12:24","modified_gmt":"2019-05-30T22:12:24","slug":"lo-que-sale-caro-es-esta-politica","status":"publish","type":"post","link":"http:\/\/argentinamunicipal.com.ar\/argentina\/lo-que-sale-caro-es-esta-politica\/","title":{"rendered":"\u00abLo que sale caro es esta pol\u00edtica\u00bb"},"content":{"rendered":"<p>El ministro de Produccci\u00f3n y Trabajo, Dante Sica, sostuvo que el paro convocado por la CGT \u00abtiene m\u00e1s que ver con alguna posici\u00f3n pol\u00edtica de algunos dirigentes de cara al cierre de listas que con una manifestaci\u00f3n genuina\u00bb. Estas expresiones desataron una catarata de cr\u00edticas del sector empresario, en particular del frente de las pymes, que avalaron el paro y cuestionaron las pol\u00edticas econ\u00f3micas.<\/p>\n<p>Eduardo Gabriel Fern\u00e1ndez (titular de Apyme)<\/p>\n<p>Las motivaciones del paro inobjetables en defensa del trabajo, del poder adquisitivo del salario, del sistema previsional, de jubilaciones dignas y de la producci\u00f3n nacional. Pero tambi\u00e9n distinto, no encontraba a esos comerciantes e industriales que se quejaban por la p\u00e9rdida de un d\u00eda de actividad o que fustigaban a los gremialistas, el \u00e1nimo de la jornada fue de hartazgo a un estado de situaci\u00f3n insoportable para nuestras empresas y a la desesperanza en un gobierno que insiste tozudamente en sus pol\u00edticas. En nuestra C\u00f3rdoba, se manifest\u00f3 en las calles donde se record\u00f3 el 50 aniversario del Cordobazo, donde hubo trabajadores, estudiantes, profesionales pero tambi\u00e9n empresarios pymes que lo vivieron y han tomado ese acto de rebeld\u00eda como parte de su patrimonio cultural. Fue un paro distinto , con claro rechazo a las pol\u00edticas de ajuste y destrucci\u00f3n de nuestra industria y tejido productivo, con hast\u00edo a esta forma de gobernar, pero tambi\u00e9n fue un paro lleno de esperanzas a que dentro de poco en el marco democr\u00e1tico tengamos otro gobierno.<\/p>\n<p>Ra\u00fal Hutin (CEEN)<\/p>\n<p>El industricidio expulsa s\u00f3lo del sector textil a mil operarios por d\u00eda, trabaja al 50 por ciento de su capacidad, o sea la mitad del mes est\u00e1 parada. Y el gobierno se da el lujo de criticar por un d\u00eda de paro y encima decir que \u00abest\u00e1n hartos de paros\u00bb. Qu\u00e9 queda para la gente, a los que no tienen para comer, a los miles de desocupados que deambulan buscando un trabajo, repartiendo CV sin respuestas ni atenci\u00f3n? Cu\u00e1nto cuesta un d\u00eda de intereses por el cr\u00e9dito del FMI, o un d\u00eda de intereses de Leliq? No tienen respeto por la gente, ni por el pa\u00eds. El paro fue significativo, tanto la industria como el comercio cerraron sus puertas en al menos un 70 por ciento. Transporte, no hubo nada. Tenemos que hacer lo necesario para que trabajadores y empresarios no bajen los brazos, para que mantengan la guardia alta porque a\u00fan no vino lo peor\u00bb.<\/p>\n<p>Ariel Aguilar (Agrupaci\u00f3n Gelbard)<\/p>\n<p>Se habl\u00f3 mucho sobre si el paro era pol\u00edtico para descalificarlo. La realidad es que no es partidario ni electoralista pero es definitivamente pol\u00edtico, porque es una decisi\u00f3n pol\u00edtica abrir las importaciones indiscriminadamente, subir las tarifas, bajar el salario y reducir el mercado interno o colocar tasas de inter\u00e9s al 70 por ciento que hacen inviable cualquier proyecto productivo y generar el cierre de 11 mil pymes. Cuando Sica y Dujovne dicen que el paro le cost\u00f3 al pa\u00eds 40 mil millones de pesos, quisiera saber c\u00f3mo hacen el c\u00e1lculo. Y deber\u00edan los ministros hacer la cuenta de cu\u00e1nto pierde de recaudar nuestro pa\u00eds todos los meses por la ca\u00edda de la actividad econ\u00f3mica e industrial o por la baja de retenciones sobre todo a los sectores agropecuarios. Este paro de todos los sectores es una se\u00f1al contundente de que nuestro pa\u00eds no puede seguir en este rumbo antiindustrial que cada d\u00eda genera m\u00e1s desigualdad. Nada redistribuye m\u00e1s que la industria.<\/p>\n<p>Marcelo Fern\u00e1ndez (titular de CGERA)<\/p>\n<p>En vez de fijarse en cu\u00e1nto le cuesta un paro al pa\u00eds, deber\u00eda estar averiguando cu\u00e1nto nos cuestan las medidas econ\u00f3micas. El aumento de las tasas de inter\u00e9s, el aumento de las importaciones, la baja del consumo y desaprovechamiento de un 40 por ciento de la capacidad instalada que est\u00e1 ociosa. Medidas y circunstancias que, si estuvieran atendidas, el paro de la CGT s\u00ed ser\u00eda pol\u00edtico y quedar\u00eda descolocado. Pero, evidentemnte, al no ser atendido todo lo que se viene reclamando con las marchas, la movilizacion del 4 de abril, lo que le hemos presentado al Congreso y todo lo que est\u00e1 ocurriendo con la producci\u00f3n y el trabajo, es evidente que el paro es leg\u00edtimo.<\/p>\n<p>Daniel Moreira (Frente Productivo Nacional)<\/p>\n<p>Sica no es un ministro de Priducci\u00f3n. Es ministro para la especulaci\u00f3n y para eso trabaja. Tendria que fijarse lo que le cuesta al pa\u00eds la timba financiera, haber destruido la matriz productiva, lo que le cuesta al pa\u00eds Cambiemos. No tienen verg\u00fcenza.<\/p>\n<h6>Fuente: P\u00e1gina 12<\/h6>\n","protected":false},"excerpt":{"rendered":"<p>El ministro de Produccci\u00f3n y Trabajo, Dante Sica, sostuvo que el paro convocado por la CGT \u00abtiene m\u00e1s que ver con alguna posici\u00f3n pol\u00edtica de algunos dirigentes de cara al cierre de listas que con una manifestaci\u00f3n genuina\u00bb.<\/p>\n","protected":false},"author":2,"featured_media":90833,"comment_status":"closed","ping_status":"closed","sticky":false,"template":"","format":"standard","meta":{"footnotes":""},"categories":[8],"tags":[21],"class_list":["post-90832","post","type-post","status-publish","format-standard","has-post-thumbnail","hentry","category-informe-nacional","tag-argentina"],"_links":{"self":[{"href":"http:\/\/argentinamunicipal.com.ar\/argentina\/wp-json\/wp\/v2\/posts\/90832","targetHints":{"allow":["GET"]}}],"collection":[{"href":"http:\/\/argentinamunicipal.com.ar\/argentina\/wp-json\/wp\/v2\/posts"}],"about":[{"href":"http:\/\/argentinamunicipal.com.ar\/argentina\/wp-json\/wp\/v2\/types\/post"}],"author":[{"embeddable":true,"href":"http:\/\/argentinamunicipal.com.ar\/argentina\/wp-json\/wp\/v2\/users\/2"}],"replies":[{"embeddable":true,"href":"http:\/\/argentinamunicipal.com.ar\/argentina\/wp-json\/wp\/v2\/comments?post=90832"}],"version-history":[{"count":0,"href":"http:\/\/argentinamunicipal.com.ar\/argentina\/wp-json\/wp\/v2\/posts\/90832\/revisions"}],"wp:featuredmedia":[{"embeddable":true,"href":"http:\/\/argentinamunicipal.com.ar\/argentina\/wp-json\/wp\/v2\/media\/90833"}],"wp:attachment":[{"href":"http:\/\/argentinamunicipal.com.ar\/argentina\/wp-json\/wp\/v2\/media?parent=90832"}],"wp:term":[{"taxonomy":"category","embeddable":true,"href":"http:\/\/argentinamunicipal.com.ar\/argentina\/wp-json\/wp\/v2\/categories?post=90832"},{"taxonomy":"post_tag","embeddable":true,"href":"http:\/\/argentinamunicipal.com.ar\/argentina\/wp-json\/wp\/v2\/tags?post=90832"}],"curies":[{"name":"wp","href":"https:\/\/api.w.org\/{rel}","templated":true}]}}