{"id":90838,"date":"2019-05-31T06:16:15","date_gmt":"2019-05-31T09:16:15","guid":{"rendered":"http:\/\/argentinamunicipal.com.ar\/argentina\/?p=90838"},"modified":"2019-05-30T19:19:00","modified_gmt":"2019-05-30T22:19:00","slug":"datos-manipulados-para-hacer-campana","status":"publish","type":"post","link":"http:\/\/argentinamunicipal.com.ar\/argentina\/datos-manipulados-para-hacer-campana\/","title":{"rendered":"Datos manipulados para hacer campa\u00f1a"},"content":{"rendered":"<p>Investigadores y ex funcionarios advirtieron que la baja de la mortalidad infantil se viene registrando en 26 de los \u00faltimos 29 a\u00f1os. Tambi\u00e9n explicaron que los datos anunciados por Vidal no est\u00e1n consolidados y que se apur\u00f3 su difusi\u00f3n.<\/p>\n<p>Acad\u00e9micos y ex funcionarios de Salud de la gesti\u00f3n kirchnerista advirtieron que la gobernadora Mar\u00eda Eugenia Vidal manipul\u00f3 la presentaci\u00f3n de los datos sobre mortalidad infantil, ajust\u00e1ndola a los tiempos de la campa\u00f1a electoral. Por un lado, se\u00f1alaron que la noticia fue anunciada como un suceso extraordinario cuando en realidad la mortalidad infantil viene bajando en 26 de los \u00faltimos 29 a\u00f1os. Otra de las objeciones es que la estad\u00edstica dada a conocer a\u00fan no est\u00e1n consolidada, ya que falta que el Estado nacional establezca el n\u00famero de los reci\u00e9n nacidos de la provincia de Buenos Aires que fallecieron tras ser trasladados a hospitales de la Capital Federal. En este sentido, advirtieron que no es de buena pr\u00e1ctica en t\u00e9rminos de informaci\u00f3n p\u00fablica dar a conocer el registro sin haber hecho este clearing.<\/p>\n<p>La gobernadora bonaerense, Mar\u00eda Eugenia Vidal, anunci\u00f3 que la provincia tuvo en 2018 un \u00edndice de mortalidad infantil de 8,9 puntos por mil nacidos vivos, el m\u00e1s bajo en la historia en el distrito, asegur\u00f3. Para Vidal, la baja -que fue de 0,6 puntos respecto del a\u00f1o anterior- se debe a \u00abpol\u00edticas sostenidas e integradas\u00bb que le atribuy\u00f3 a su propio gobierno.<\/p>\n<p>\u201cSiempre es una buena noticia que la mortalidad infantil baje, pero desde hace mucho que la mortalidad infantil todos los a\u00f1os tiende a la baja, salvo que haya desastres epidemiol\u00f3gicos -explic\u00f3 el ex ministro de Salud Daniel Goll\u00e1n-. El tema es con qu\u00e9 velocidad se va reduciendo. En este sentido, la ca\u00edda dada a conocer por la gobernaci\u00f3n es mucho menor de lo que se baj\u00f3 en 2015, cuando tuvimos un descenso del 0,7 en la provincia y del 0,9 a nivel nacional. 2016 fue neutro. En 2017 y 2018 hubo reducci\u00f3n, pero a una velocidad menor de la que ven\u00edamos teniendo en 2015.\u201d<\/p>\n<p>Otro experto que advirti\u00f3 sobre una interpretaci\u00f3n forzada de los datos fue el investigador Roberto Salvarezza, ex titular del Conicet. \u201cVidal manipula las cifras sobre mortalidad infantil. Si se toma el per\u00edodo 2005 a 2015, la disminuci\u00f3n en la Provincia fue de 0,31 por ciento por a\u00f1o. Durante la gesti\u00f3n Macri, el descenso fue 0,33 por ciento anual. Es decir, se mantiene la misma evoluci\u00f3n de los \u00faltimos a\u00f1os\u201d, observ\u00f3.<\/p>\n<p>En la misma l\u00ednea, el polit\u00f3logo Andy Tow agreg\u00f3 que la baja en la mortalidad infantil es \u201cun dato que es tendencia secular en casi todo el mundo y que en la provincia que gobierna (Vidal) se ha verificado en 26 de los \u00faltimos 29 a\u00f1os\u201d. Tow lo grafic\u00f3 con un cuadro sobre la evoluci\u00f3n de este indicador desde 1990 en el que se ve la n\u00edtida tendencia al descenso.<\/p>\n<p>Goll\u00e1n, que fue titular de la cartera de Salud durante el \u00faltimo a\u00f1o de la presidencia de Cristina Kirchner, remarc\u00f3, por otra parte, que \u201cno es de buena pr\u00e1ctica difundir registros no consolidados en t\u00e9rminos de informaci\u00f3n p\u00fablica\u201d.<\/p>\n<p>\u201cMetodol\u00f3gicamente no corresponde. Nosotros siempre decimos que los n\u00fameros se consolidan cuando el Ministerio de Salud nacional establece de d\u00f3nde son originarios los chicos que murieron en los hospitales de la Ciudad de Buenos Aires; reci\u00e9n en ese momento se puede saber la cifra final de la cantidad de fallecidos nacidos en la provincia. Normalmente, la Naci\u00f3n daba a conocer el n\u00famero en agosto, pero ahora, no sabemos por qu\u00e9, lo est\u00e1 haciendo en diciembre de cada a\u00f1o vencido\u201d. Para Goll\u00e1n, hubo una necesidad de tipo electoral en la comunicaci\u00f3n de la estad\u00edstica no consolidada. \u00abTomaron la decisi\u00f3n de no esperar a diciembre; habr\u00e1 considerado que para diciembre la estad\u00edstica cierta ya no les serv\u00eda.\u00bb<\/p>\n<h6>Fuetne: P\u00e1gina 12<\/h6>\n","protected":false},"excerpt":{"rendered":"<p>Investigadores y ex funcionarios advirtieron que la baja de la mortalidad infantil se viene registrando en 26 de los \u00faltimos 29 a\u00f1os. Tambi\u00e9n explicaron que los datos anunciados por Vidal no est\u00e1n consolidados y que se apur\u00f3 su difusi\u00f3n.<\/p>\n","protected":false},"author":2,"featured_media":90839,"comment_status":"closed","ping_status":"closed","sticky":false,"template":"","format":"standard","meta":{"footnotes":""},"categories":[65],"tags":[12],"class_list":["post-90838","post","type-post","status-publish","format-standard","has-post-thumbnail","hentry","category-provincias","tag-buenos-aires"],"_links":{"self":[{"href":"http:\/\/argentinamunicipal.com.ar\/argentina\/wp-json\/wp\/v2\/posts\/90838","targetHints":{"allow":["GET"]}}],"collection":[{"href":"http:\/\/argentinamunicipal.com.ar\/argentina\/wp-json\/wp\/v2\/posts"}],"about":[{"href":"http:\/\/argentinamunicipal.com.ar\/argentina\/wp-json\/wp\/v2\/types\/post"}],"author":[{"embeddable":true,"href":"http:\/\/argentinamunicipal.com.ar\/argentina\/wp-json\/wp\/v2\/users\/2"}],"replies":[{"embeddable":true,"href":"http:\/\/argentinamunicipal.com.ar\/argentina\/wp-json\/wp\/v2\/comments?post=90838"}],"version-history":[{"count":0,"href":"http:\/\/argentinamunicipal.com.ar\/argentina\/wp-json\/wp\/v2\/posts\/90838\/revisions"}],"wp:featuredmedia":[{"embeddable":true,"href":"http:\/\/argentinamunicipal.com.ar\/argentina\/wp-json\/wp\/v2\/media\/90839"}],"wp:attachment":[{"href":"http:\/\/argentinamunicipal.com.ar\/argentina\/wp-json\/wp\/v2\/media?parent=90838"}],"wp:term":[{"taxonomy":"category","embeddable":true,"href":"http:\/\/argentinamunicipal.com.ar\/argentina\/wp-json\/wp\/v2\/categories?post=90838"},{"taxonomy":"post_tag","embeddable":true,"href":"http:\/\/argentinamunicipal.com.ar\/argentina\/wp-json\/wp\/v2\/tags?post=90838"}],"curies":[{"name":"wp","href":"https:\/\/api.w.org\/{rel}","templated":true}]}}