{"id":90841,"date":"2019-05-31T06:19:24","date_gmt":"2019-05-31T09:19:24","guid":{"rendered":"http:\/\/argentinamunicipal.com.ar\/argentina\/?p=90841"},"modified":"2019-05-30T19:21:55","modified_gmt":"2019-05-30T22:21:55","slug":"magario-confirmo-la-formula-con-kicillof-y-el-pj-empezo-a-discutir-las-listas-seccionales","status":"publish","type":"post","link":"http:\/\/argentinamunicipal.com.ar\/argentina\/magario-confirmo-la-formula-con-kicillof-y-el-pj-empezo-a-discutir-las-listas-seccionales\/","title":{"rendered":"Magario confirm\u00f3 la f\u00f3rmula con Kicillof y el PJ empez\u00f3 a discutir las listas seccionales"},"content":{"rendered":"<p>Fue en el marco de una reuni\u00f3n de la Comisi\u00f3n de Acci\u00f3n Pol\u00edtica, con representaci\u00f3n seccional. No se hicieron nombres, pero se avanz\u00f3 en consensos para \u201cir afinando el l\u00e1piz\u201d. Aseguran que la f\u00f3rmula Kicillof Magario \u201ces definitiva\u201d.<\/p>\n<p>El PJ Bonaerense reuni\u00f3 hoy a su flamante Comisi\u00f3n de Acci\u00f3n Pol\u00edtica, el cuerpo de delegados de todas las secciones que tiene la misi\u00f3n de discutir la representaci\u00f3n de las distintas tribus en las listas en las que se anotan los candidatos a diputados y senadores provinciales. La jornada fue aprovechada por\u00a0Ver\u00f3nica Magario para confirmar que ser\u00e1 candidata a Vicegobernadora, acompa\u00f1ando a Axel Kicillof.<\/p>\n<p>La cumbre fue monitoreada por el presidente del Partido,\u00a0Fernando Gray, y convoc\u00f3 en la sede del PJ Nacional a\u00a0Gustavo Men\u00e9ndez (Merlo), Ariel Sujarchuk (Escobar), Gabriel Katopodis (San Mart\u00edn) y Alberto Descalzo (Ituzaing\u00f3); Jorge Ferraresi (Avellaneda), Ver\u00f3nica Magario (La Matanza) y Gustavo Arrieta (Ca\u00f1uelas), Marcelo Santillan (Gonzales Chaves), Juan Pablo De Jes\u00fas (La Costa), Francisco Echarren (Castelli) y Alejandro Acerbo (Daireaux).<\/p>\n<p>Como \u201cinvitados\u201d o \u201cdelegados\u201d aparecieron tambi\u00e9n Ricardo Casi (Col\u00f3n), Alberto Conocchiari (Leandro N. Alem) y Jos\u00e9 Luis Horna (Roque P\u00e9rez); Mariano Pinedo, en representaci\u00f3n de Paco Dura\u00f1ona (San Antonio de Areco); y la diputada provincial Fabiana Bertino.<\/p>\n<p>Oficialmente no trascendi\u00f3 el contenido del encuentro, salvo algunas declaraciones de Fernando Gray, quien afirm\u00f3 que se est\u00e1n \u201crecuperando distritos oficialistas\u201d y plante\u00f3 el \u201cdesaf\u00edo de presentar listas competitivas en los 135 distritos de la provincia\u201d. \u201cEstamos trabajando ordenados a partir de la definiciones de las f\u00f3rmulas, que reflejan lo que queremos para la provincia y la naci\u00f3n\u201d, admiti\u00f3.<\/p>\n<p>La cumbre se dio en el momento en el que en Parque Norte el Frente Renovador habilitaba a Sergio Massa a sentarse a negociar con el peronismo\u00a0para lograr conformar un frente amplio contra Mauricio Macri. Desde Matheu aseguraron que \u201cno siguieron la reuni\u00f3n\u201d, aunque es obvio que el desenlace puede modificar el curso de lo que all\u00ed se negociaba.<\/p>\n<p>Fuera de micr\u00f3fono, los participantes explicaron que lo que en realidad se comenz\u00f3 a abordar es\u00a0la siempre conflictiva lista de legisladores provinciales, que surgen de cada una de las secciones electorales. Hubo en ese sentido \u201cintercambio de opiniones\u201d entre los representantes de los municipios. Esas opiniones versaron en torno a los \u201cm\u00e9todos o criterios\u201d a asumir para acercar posiciones y evitar rupturas.<\/p>\n<p>\u201cHubo una aproximaci\u00f3n, no se hicieron nombres, pero se va a ir afinando el l\u00e1piz\u201d, admiti\u00f3 a INFOCIELO uno de los comensales. El detalle del tipo de instrumento que se utiliz\u00f3 no es menor, puesto todav\u00eda resta debatir qui\u00e9n maneja la lapicera que inscribir\u00e1 los nombres definitivos, toda vez que, se sabe, el PJ es s\u00f3lo una parte del Frente que se cocina en torno al peronismo.<\/p>\n<p>Se da por hecho, por ejemplo, que una vez concretada la inclusi\u00f3n del Frente Renovador dentro del armado, sus dirigentes \u201cvendr\u00e1n con sus demandas\u201d. La f\u00f3rmula a la Gobernaci\u00f3n no parece un punto a ceder, ya que los miembros de la CAP dieran por ratificado el binomio Kicillof &#8211; Magario.\u00a0\u201cVer\u00f3nica Magario estuvo y habl\u00f3 como candidata. La f\u00f3rmula es definitiva\u201d, aseguraron dos intendentes.<\/p>\n<p>Ella misma despej\u00f3 las dudas minutos m\u00e1s tarde con un mensaje publicado en la red social Twitter:<\/p>\n<h6>Fuente: InfoCielo<\/h6>\n","protected":false},"excerpt":{"rendered":"<p>Fue en el marco de una reuni\u00f3n de la Comisi\u00f3n de Acci\u00f3n Pol\u00edtica, con representaci\u00f3n seccional. No se hicieron nombres, pero se avanz\u00f3 en consensos para \u201cir afinando el l\u00e1piz\u201d. Aseguran que la f\u00f3rmula Kicillof Magario \u201ces definitiva\u201d.<\/p>\n","protected":false},"author":2,"featured_media":90842,"comment_status":"closed","ping_status":"closed","sticky":false,"template":"","format":"standard","meta":{"footnotes":""},"categories":[4],"tags":[12],"class_list":["post-90841","post","type-post","status-publish","format-standard","has-post-thumbnail","hentry","category-informe-politico","tag-buenos-aires"],"_links":{"self":[{"href":"http:\/\/argentinamunicipal.com.ar\/argentina\/wp-json\/wp\/v2\/posts\/90841","targetHints":{"allow":["GET"]}}],"collection":[{"href":"http:\/\/argentinamunicipal.com.ar\/argentina\/wp-json\/wp\/v2\/posts"}],"about":[{"href":"http:\/\/argentinamunicipal.com.ar\/argentina\/wp-json\/wp\/v2\/types\/post"}],"author":[{"embeddable":true,"href":"http:\/\/argentinamunicipal.com.ar\/argentina\/wp-json\/wp\/v2\/users\/2"}],"replies":[{"embeddable":true,"href":"http:\/\/argentinamunicipal.com.ar\/argentina\/wp-json\/wp\/v2\/comments?post=90841"}],"version-history":[{"count":0,"href":"http:\/\/argentinamunicipal.com.ar\/argentina\/wp-json\/wp\/v2\/posts\/90841\/revisions"}],"wp:featuredmedia":[{"embeddable":true,"href":"http:\/\/argentinamunicipal.com.ar\/argentina\/wp-json\/wp\/v2\/media\/90842"}],"wp:attachment":[{"href":"http:\/\/argentinamunicipal.com.ar\/argentina\/wp-json\/wp\/v2\/media?parent=90841"}],"wp:term":[{"taxonomy":"category","embeddable":true,"href":"http:\/\/argentinamunicipal.com.ar\/argentina\/wp-json\/wp\/v2\/categories?post=90841"},{"taxonomy":"post_tag","embeddable":true,"href":"http:\/\/argentinamunicipal.com.ar\/argentina\/wp-json\/wp\/v2\/tags?post=90841"}],"curies":[{"name":"wp","href":"https:\/\/api.w.org\/{rel}","templated":true}]}}