{"id":90847,"date":"2019-05-31T05:26:22","date_gmt":"2019-05-31T08:26:22","guid":{"rendered":"http:\/\/argentinamunicipal.com.ar\/argentina\/?p=90847"},"modified":"2019-05-30T19:28:31","modified_gmt":"2019-05-30T22:28:31","slug":"que-hara-sergio-massa","status":"publish","type":"post","link":"http:\/\/argentinamunicipal.com.ar\/argentina\/que-hara-sergio-massa\/","title":{"rendered":"\u00bfQu\u00e9 har\u00e1 Sergio Massa?"},"content":{"rendered":"<p>En su exposici\u00f3n de cierre de la convenci\u00f3n en Parque Norte ratific\u00f3 su candidatura a Presidente pero tambi\u00e9n dej\u00f3 abiertas todas las opciones sobre la mesa de negociaci\u00f3n. \u00abSacar al gobierno de Mauricio Macri es su \u00fanica intenci\u00f3n\u00bb, sostienen en su entorno.<\/p>\n<p>El discurso del precandidato presidencial Sergio Massa en la convenci\u00f3n del Frente Renovador marc\u00f3 una clara posici\u00f3n de sus correligionarios a apostar a una alianza con el PJ haciendo hincapi\u00e9 en la buena relaci\u00f3n entre el ex intendente de Tigre y el precandidato Alberto Fern\u00e1ndez. \u00abSacar al gobierno de Mauricio Macri es la \u00fanica intenci\u00f3n que tiene Sergio\u00bb, sostuvieron desde el massismo. En tanto, desde el kirchnerismo, el precandidato a gobernador Axel Kiciloff dio nuevas se\u00f1ales hacia el massismo y pidi\u00f3 que en el PJ confluyan \u00abtodos los sectores pol\u00edticos adentro, incluso con los que todav\u00eda no est\u00e1n\u00bb. Por su parte, el senador y referente de Alternativa Federal, Miguel \u00c1ngel Pichetto, le pidi\u00f3 al ex intendente de Tigre que cumpla con su palabra de sostener Alternativa Federal, pero reconoci\u00f3 que \u00abse perdi\u00f3 la oportunidad\u00bb se hacer una amplia coalici\u00f3n de centro.<\/p>\n<p>\u00abEstoy para liderar si hay que liderar, pero tambi\u00e9n para empujar el carro desde donde sea\u00bb, lanz\u00f3 Massa en su discurso de cierre de la convenci\u00f3n del Frente Renovador, donde fue ratificado como candidato a presidente, y dej\u00f3 abiertas todas las opciones sobre la mesa de negociaci\u00f3n para unirse al frente que se intenta construir desde el PJ. \u00abEl gobierno de Macri fracas\u00f3\u00bb, sentenci\u00f3 para cerrar una v\u00eda hacia la mentada ancha avenida del medio.<\/p>\n<p>El diputado y ex titular de la UIA, Jose Ignacio De Mendiguren, fue uno de los encargados de traducir el discurso de Massa al final del encuentro del Frente Renovador en Parque Norte. \u00abHay que ir a un espacio amplio con el PJ\u00bb, sostuvo el diputado e indic\u00f3 que, hasta el cierre de listas a mediados de junio, Massa \u00abqueda liberado para tener todas las charlas que sean necesarias\u00bb.<\/p>\n<p>El ex titular de la UIA realiz\u00f3 un sint\u00e9tica autocr\u00edtica respecto del camino recorrido por el Frente Renovador, desde su creaci\u00f3n en 2013 con Alberto Fern\u00e1ndez como armador pol\u00edtico, y se\u00f1al\u00f3 que lo que hay que evitar es \u00abvolver a las pol\u00edticas de los &#8217;90\u00bb, a pesar de los puentes que el massismo tendi\u00f3 incluso con las gestiones de Macri y la gobernadora Mar\u00eda Eugenia Vidal. \u00abHemos aprendido. Hemos apoyado cosas que no compartimos\u00bb, consider\u00f3 De Mendiguren.<\/p>\n<p>En ese tono, la diputada Mirta Tundis tambi\u00e9n revis\u00f3 sus posiciones respecto de una posible alianza con el espacio de la ex presidenta Cristina Kirchner, a quien meses atr\u00e1s pon\u00eda como l\u00edmite de pertenencia al Frente Renovador. \u00abSi se une con Cristina, yo lo voy a seguir a Massa est\u00e9 donde est\u00e9\u00bb, aclar\u00f3 la legisladora y confi\u00f3 en que: \u00abVa a elegir lo mejor para sacar al gobierno de Mauricio Macri, es la \u00fanica intenci\u00f3n que tiene Sergio\u00bb.<\/p>\n<p>De Mendiguren tambi\u00e9n ensay\u00f3 cr\u00edticas para el espacio de Alternativa Federal, que Massa comparte con los gobernadores de C\u00f3rdoba, Juan Schiaretti, y de Salta, Juan Manuel Urtubey, y el senador Pichetto. \u00abTodos esperamos bastante la elecci\u00f3n de C\u00f3rdoba. Yo pens\u00e9 que al otro d\u00eda pon\u00edamos todas las definiciones en Alternativa Federal y lo escuch\u00f3 al gobernador decir que no era el macho alfa y ahora se va de vacaciones. No es una se\u00f1al alentadora para quienes estamos en el espacio\u00bb, apunt\u00f3 De Mendiguren a dos d\u00edas de que Alternativa Federal firmara un documento en el que acordaban ir a internas por una tercera v\u00eda al PJ y a Cambiemos.<\/p>\n<p>A la expectativa de los pr\u00f3ximos pasos que dar\u00e1 Massa, Kiciloff celebr\u00f3 la oportunidad de que el Frente Renovador confluya con el armado del PJ. \u00abVa a ser con todos los sectores pol\u00edticos adentro, incluso con los que todav\u00eda no est\u00e1n\u00bb, augur\u00f3 el precandidato a gobernador y resalt\u00f3 la presencia dentro del peronismo de quienes hasta \u00abhace poco\u00bb integraban las filas del massismo, como Felipe Sol\u00e1 y Facundo Moyano.<\/p>\n<p>\u00abNosotros esperamos que eso siga ocurriendo. Es una decisi\u00f3n que tiene que tomar el propio Frente Renovador\u00bb, renov\u00f3 el mensaje de unidad el ex ministro de Econom\u00eda. En esa l\u00ednea, tras la reuni\u00f3n de la mesa pol\u00edtica del PJ, la intendenta de La Matanza y precandidata a vicegobernadora, Ver\u00f3nica Magario, asegur\u00f3 que a Massa se lo espera \u00abcon los brazos abiertos para construir la unidad\u00bb.<\/p>\n<p>\u00abNosotros queremos amplitud en este espacio, ninguna mezquindad, sino generosidad. Es muy serio para nosotros lo que pasa en Argentina, gobernar la Provincia no va a ser f\u00e1cil, con el desastre que hay productivo econ\u00f3mico y social. Buscamos que todos los sectores se sumen\u00bb, insisti\u00f3 Kiciloff durante una recorrida por la localidad bonaerense de Ranchos.<\/p>\n<p>En tanto, el senador Pichetto le envi\u00f3 un mensaje a su aliado en Alternativa Federal y le pidi\u00f3 que respeta \u00abla palabra empe\u00f1ada hace dos d\u00edas\u00bb en la reuni\u00f3n con los fundadores de ese espacio mantuvieron en la casa de gobierno de C\u00f3rdoba. \u00abPara la democracia argentina es importante que existan otros espacios y no ir a un esquema de polarizaci\u00f3n\u00bb, sostuvo el titular del bloque Justicialista.<\/p>\n<p>Sin embargo, Pichetto reconoci\u00f3 que \u00abse perdi\u00f3 la oportunidad\u00bb de conseguir un amplio armado de un espacio de centro. \u00abMe hubiese gustado una foto en el techo de la casa de gobierno de C\u00f3rdoba con Lavagna, Lifschitz y Stolbizer\u00bb, lament\u00f3 el senador en referencia al ex ministro de Econom\u00eda, el gobernador de Santa Fe y la l\u00edder del GEN, que integran el espacio denominado Consenso 2019 e intentaron alcanzar un acuerdo con Alternativa Federal.<\/p>\n<p>\u00abEn estas semanas hubo decisiones equivocadas. En la pol\u00edtica se hace lo que se puede y no lo que se quiere, agotados los consensos habr\u00eda que haber ido al m\u00e9todo democr\u00e1tico de las PASO\u00bb, analiz\u00f3 el senador en un tono cr\u00edtico hacia la postura inamovible de Lavagna para participar de unas PASO con Urtubey y Massa, ahora dispuesto a dar el salto al PJ.<\/p>\n<h6>Fuente: P\u00e1gina 12<\/h6>\n","protected":false},"excerpt":{"rendered":"<p>En su exposici\u00f3n de cierre de la convenci\u00f3n en Parque Norte ratific\u00f3 su candidatura a Presidente pero tambi\u00e9n dej\u00f3 abiertas todas las opciones sobre la mesa de negociaci\u00f3n<\/p>\n","protected":false},"author":2,"featured_media":90848,"comment_status":"closed","ping_status":"closed","sticky":false,"template":"","format":"standard","meta":{"footnotes":""},"categories":[8],"tags":[21],"class_list":["post-90847","post","type-post","status-publish","format-standard","has-post-thumbnail","hentry","category-informe-nacional","tag-argentina"],"_links":{"self":[{"href":"http:\/\/argentinamunicipal.com.ar\/argentina\/wp-json\/wp\/v2\/posts\/90847","targetHints":{"allow":["GET"]}}],"collection":[{"href":"http:\/\/argentinamunicipal.com.ar\/argentina\/wp-json\/wp\/v2\/posts"}],"about":[{"href":"http:\/\/argentinamunicipal.com.ar\/argentina\/wp-json\/wp\/v2\/types\/post"}],"author":[{"embeddable":true,"href":"http:\/\/argentinamunicipal.com.ar\/argentina\/wp-json\/wp\/v2\/users\/2"}],"replies":[{"embeddable":true,"href":"http:\/\/argentinamunicipal.com.ar\/argentina\/wp-json\/wp\/v2\/comments?post=90847"}],"version-history":[{"count":0,"href":"http:\/\/argentinamunicipal.com.ar\/argentina\/wp-json\/wp\/v2\/posts\/90847\/revisions"}],"wp:featuredmedia":[{"embeddable":true,"href":"http:\/\/argentinamunicipal.com.ar\/argentina\/wp-json\/wp\/v2\/media\/90848"}],"wp:attachment":[{"href":"http:\/\/argentinamunicipal.com.ar\/argentina\/wp-json\/wp\/v2\/media?parent=90847"}],"wp:term":[{"taxonomy":"category","embeddable":true,"href":"http:\/\/argentinamunicipal.com.ar\/argentina\/wp-json\/wp\/v2\/categories?post=90847"},{"taxonomy":"post_tag","embeddable":true,"href":"http:\/\/argentinamunicipal.com.ar\/argentina\/wp-json\/wp\/v2\/tags?post=90847"}],"curies":[{"name":"wp","href":"https:\/\/api.w.org\/{rel}","templated":true}]}}