{"id":90856,"date":"2019-05-31T06:42:09","date_gmt":"2019-05-31T09:42:09","guid":{"rendered":"http:\/\/argentinamunicipal.com.ar\/argentina\/?p=90856"},"modified":"2019-05-30T19:48:56","modified_gmt":"2019-05-30T22:48:56","slug":"en-cordoba-se-perdieron-21-200-empleos-registrados-privados-en-el-ultimo-ano","status":"publish","type":"post","link":"http:\/\/argentinamunicipal.com.ar\/argentina\/en-cordoba-se-perdieron-21-200-empleos-registrados-privados-en-el-ultimo-ano\/","title":{"rendered":"En C\u00f3rdoba se perdieron 21.200 empleos registrados privados en el \u00faltimo a\u00f1o."},"content":{"rendered":"<p>La econom\u00eda de la Argentina perdi\u00f3 unos 85.600 empleos registrados en el primer trimestre del a\u00f1o y alcanz\u00f3 as\u00ed la destrucci\u00f3n de 268.300 puestos de trabajo en los \u00faltimos doce meses, mientras que los salarios volvieron a perder contra la inflaci\u00f3n.<\/p>\n<p>As\u00ed lo revel\u00f3 este jueves el gobierno de\u00a0Mauricio Macri\u00a0a trav\u00e9s de informes difundidos en la tarde por el ministerio de Producci\u00f3n y Trabajo y, minutos despu\u00e9s, por el Instituto Nacional de Estad\u00edstica y Censos (Indec).<\/p>\n<p>En marzo la cantidad total de trabajadores registrados en el pa\u00eds fue de 12.079.070, por lo que hubo una baja del 2,2% respecto del mismo mes del a\u00f1o anterior, es decir, unos 268.300 trabajadores menos.<\/p>\n<p>M\u00e1s all\u00e1 del n\u00famero global del a\u00f1o, lo que genera preocupaci\u00f3n es que la tendencia de destrucci\u00f3n de puestos de trabajo se aceler\u00f3: s\u00f3lo en marzo hubo 40.000 empleos menos que en febrero, de acuerdo al indicador desestacionalizdo, precis\u00f3 Producci\u00f3n y Trabajo.<\/p>\n<p>Los descensos interanuales m\u00e1s importantes se dieron en las categor\u00edas de asalariados registrados privados, con una baja del 2,5% anual o 161.000 trabajadores registrados menos y monotributo social, donde se observ\u00f3 un desplome del 15,3%, es decir, 64.700 personas.<\/p>\n<p>De acuerdo con la evoluci\u00f3n por provincias que muestra el Sistema Integrado Previsional Argentina, s\u00f3lo dos de las 24 jurisdicciones de pa\u00eds registraron aumentos interanuales en la cantidad de asalariados registrados en el sector privado: Neuqu\u00e9n (+5%) y Santa Cruz (+0,9%).<\/p>\n<p>Las mayores ca\u00eddas se dieron en Tierra del Fuego (-11%), Catamarca (-7,6%), Chaco (-6,6%) y Formosa (-6,4%).<\/p>\n<p>En C\u00f3rdoba la cantidad de asalariados registrados privados pas\u00f3 de 522.800 en marzo de 2018 a 501.600 en el mismo mes de 2019, por lo que se perdieron 21.200 empleos a lo largo del \u00faltimo a\u00f1o.<\/p>\n<p><strong>Salarios\u00a0<\/strong><\/p>\n<p>El \u00edndice de salarios del total registrado mostr\u00f3 un crecimiento de 4,3% en marzo de 2019 respecto al mes anterior, como consecuencia del incremento de 3,6% del sector privado registrado y un aumento de 5,5% del sector p\u00fablico, en t\u00e9rminos nominales.<\/p>\n<p>Seg\u00fan el Indec, los salarios subieron nominalmente un 10,5% en el primer trimestre del a\u00f1o, es decir, por debajo del 11,8% acumulado de inflaci\u00f3n. Y en el \u00faltimo a\u00f1o los salarios escalaron 38,5%, o sea, 16,2 puntos porcentuales menos que la suba generalizada de precios.<\/p>\n<h6>Fuente: La Voz<\/h6>\n","protected":false},"excerpt":{"rendered":"<p>La econom\u00eda de la Argentina perdi\u00f3 unos 85.600 empleos registrados en el primer trimestre del a\u00f1o y alcanz\u00f3 as\u00ed la destrucci\u00f3n de 268.300 puestos de trabajo en los \u00faltimos doce meses, mientras que los salarios volvieron a perder contra la inflaci\u00f3n.\u00a0<\/p>\n","protected":false},"author":2,"featured_media":90857,"comment_status":"closed","ping_status":"closed","sticky":false,"template":"","format":"standard","meta":{"footnotes":""},"categories":[65],"tags":[3],"class_list":["post-90856","post","type-post","status-publish","format-standard","has-post-thumbnail","hentry","category-provincias","tag-cordoba"],"_links":{"self":[{"href":"http:\/\/argentinamunicipal.com.ar\/argentina\/wp-json\/wp\/v2\/posts\/90856","targetHints":{"allow":["GET"]}}],"collection":[{"href":"http:\/\/argentinamunicipal.com.ar\/argentina\/wp-json\/wp\/v2\/posts"}],"about":[{"href":"http:\/\/argentinamunicipal.com.ar\/argentina\/wp-json\/wp\/v2\/types\/post"}],"author":[{"embeddable":true,"href":"http:\/\/argentinamunicipal.com.ar\/argentina\/wp-json\/wp\/v2\/users\/2"}],"replies":[{"embeddable":true,"href":"http:\/\/argentinamunicipal.com.ar\/argentina\/wp-json\/wp\/v2\/comments?post=90856"}],"version-history":[{"count":0,"href":"http:\/\/argentinamunicipal.com.ar\/argentina\/wp-json\/wp\/v2\/posts\/90856\/revisions"}],"wp:featuredmedia":[{"embeddable":true,"href":"http:\/\/argentinamunicipal.com.ar\/argentina\/wp-json\/wp\/v2\/media\/90857"}],"wp:attachment":[{"href":"http:\/\/argentinamunicipal.com.ar\/argentina\/wp-json\/wp\/v2\/media?parent=90856"}],"wp:term":[{"taxonomy":"category","embeddable":true,"href":"http:\/\/argentinamunicipal.com.ar\/argentina\/wp-json\/wp\/v2\/categories?post=90856"},{"taxonomy":"post_tag","embeddable":true,"href":"http:\/\/argentinamunicipal.com.ar\/argentina\/wp-json\/wp\/v2\/tags?post=90856"}],"curies":[{"name":"wp","href":"https:\/\/api.w.org\/{rel}","templated":true}]}}