{"id":91187,"date":"2019-06-11T07:40:11","date_gmt":"2019-06-11T10:40:11","guid":{"rendered":"http:\/\/argentinamunicipal.com.ar\/argentina\/?p=91187"},"modified":"2019-06-11T07:40:11","modified_gmt":"2019-06-11T10:40:11","slug":"una-luz-en-la-oscuridad","status":"publish","type":"post","link":"http:\/\/argentinamunicipal.com.ar\/argentina\/una-luz-en-la-oscuridad\/","title":{"rendered":"UNA LUZ\u00a0EN LA\u00a0OSCURIDAD"},"content":{"rendered":"<p>La conmoci\u00f3n causada por la revelaci\u00f3n sobre c\u00f3mo se arm\u00f3 la operaci\u00f3n judicial-medi\u00e1tica contra Lula ya impact\u00f3 en la Corte Suprema, donde uno de los jueces la consider\u00f3 \u201cmuy grave\u201d. En el Congreso impulsan una Comisi\u00f3n Investigadora y desde distintos sectores reclamaron la inmediata libertad del ex presidente.<\/p>\n<p>Despu\u00e9s de un tornado llamado \u201cMorogate\u201d. Brasilia, centro del poder pol\u00edtico nacional, qued\u00f3 estremecida por la potencia destructiva de las informaciones publicadas en el sitio The Intercept sobre las maniobras que coordinaron el ex juez Sergio Moro y el jefe de los fiscales de Lava Jato, Deltan Dallagnol, para acusar a Luiz In\u00e1cio Lula da Silva a pesar de las hasta hoy inexistentes pruebas sobre la entrega, como parte de una coima, de un departamento en la ciudad balnearia de Guaruj\u00e1. La defensa de Lula, que prepara medidas legales, exigi\u00f3 la libertad del ex mandatario. \u201cLos hechos imputados al funcionaro m\u00e1s notorio del gabinete son \u201cmuy graves\u201d, declar\u00f3 Gilmar Mendes, miembro del m\u00e1ximo tribunal.<\/p>\n<p>Art\u00edculos de la Constituci\u00f3n y el C\u00f3digo Procesal, establecen que s\u00f3lo el Ministerio P\u00fablico cuenta con atribuciones en la formulaci\u00f3n de la denuncia de un ciudadano investigado y que el juez es pasible de impugnaci\u00f3n si se conduce con parcialidad. En este caso el magistrado obr\u00f3 como si fuera el coordinador de los procuradores, seg\u00fan se desprende de los primeros art\u00edculos del sitio editado por el periodista norteamericano, ganador de un Pulitzer, Glenn Greenwald.<\/p>\n<p>\u201cTodav\u00eda no hemos terminado de estudiar las medidas legales que vamos a llevar adelante, nos estamos reuniendo ahora con el resto del equipo de trabajo, pero sin dudas esto es causal para que el expresidente sea puesto en libertad con urgencia\u201d, declar\u00f3 la abogada Valeska Teixeira Zanin Martins, defensora de Lula, en di\u00e1logo con P\u00e1ginaI12. \u201cEste tipo de vinculaci\u00f3n entre un juez y fiscales es totalmente ilegal, todo esto confirma lo que siempre dijimos, este fue un caso de persecuci\u00f3n pol\u00edtica para retirar al ex presidente de las elecciones del a\u00f1o pasado\u201d en las que era favorito hasta un mes antes de la votaci\u00f3n, cuando tuvo que desistir de su candidatura asfaltando el camino el triunfo de Jair Bolsonaro.<\/p>\n<p>La abogada record\u00f3 que \u201ceste caso t\u00edpico de Lawfare (guerra judicial con motivos pol\u00edticos)\u201d es motivo de una causa abierta en el Consejo de Derechos Humanos de Naciones Unidas, donde la defensa cuenta con la participaci\u00f3n jurista australiano Joeffrey Robertson, que fue patrocinante de Julian Assange.<\/p>\n<p>Ayer Moro fue incapaz de disimular los da\u00f1os sufridos. Escogi\u00f3 viajar a la Amazonia acaso para tomar distancia de las preguntas de los reporteros de la Capital Federal y formul\u00f3 dos declaraciones contradictorias en menos de doce horas: primero admiti\u00f3 la existencia de las conversaciones que tuvo con Dallagnol a trav\u00e9s de la aplicaci\u00f3n Telegram y luego puso en duda aquel di\u00e1logo.<\/p>\n<p>Adem\u00e1s acus\u00f3 de emplear m\u00e9todos \u201cdelictivos\u201d para obtener las informaciones a los periodistas responsables del reportaje de un medio de comprobada credibilidad como es The Intercept. Su editor Greenwald fue quien public\u00f3 en 2013 los documentos obtenidos por el ex agente Edward Snowden de la agencia norteamericana NSA, nunca desmentidos.<\/p>\n<p>Hasta el cierre de esta cr\u00f3nica, en la noche del lunes, el presidente Jair Bolsonaro se hab\u00eda llamado a silencio sobre las peripecias de su \u201csuperministro\u201d de Justicia y Seguridada P\u00fablica. Pero hace un mes le \u00a0agradeci\u00f3 su contribuci\u00f3n para que llegara a la presidencia en las elecciones at\u00edpicas de octubre de 2018.<\/p>\n<p>En una de las conversaciones transcriptas por The Intercept el entonces juez Moro, de la primera instancia federal de Curitiba, le dicta a Dallagnol los pasos a ser dados en una de los tantos operativos de Lava Jato. Y en otra apercibe al fiscal por la demora en generar nuevas acciones, generalmente espectaculares, que siempre eran amplificadas por la propaganda (con apariencia de noticia) de las empresas period\u00edsticas (ver aparte).<\/p>\n<p>A partir del destape del \u201cMorogate\u201d tal vez se haya dado inicio a una temporada de vendavales que amenaza dejar m\u00e1s a la intemperie al magistrado de provincia vol\u00f3 hasta lo alto del poder nacional como un personaje de historietas. En las marchas por el impeachment de Dilma Rousseff se vend\u00edan mu\u00f1equitos de Supermoro, con su capa roja. El mismo personaje inflado de gas, de casi diez metros de altura, se volvi\u00f3 a ver en una reciente concentraci\u00f3n de bolsonaristas en el centro de Brasilia.<\/p>\n<p>Moro hizo de Lava Jato una bandera capaz de amalgamar al amplio campo conservador, donde germinar\u00eda un n\u00facleo neofascista, encuadrado detr\u00e1s de la premisa de acabar con Lula luego de derrocar a Dilma Rousseff. Y as\u00ed fue: Dilma cay\u00f3 en 2016, Moro conden\u00f3 a Lula en 2017 y en abril de 2018 lo encarcel\u00f3, tras la ratificaci\u00f3n de su fallo por parte de una c\u00e1mara de apelaciones.<\/p>\n<p>\u201cMoro pateaba corners y cabeceaba al mismo tiempo\u201d, coment\u00f3 un juez del Supremo Tribunal Federal a un periodista de la radio CBN, de la cadena Globo. Seg\u00fan ese magistrado del Supremo, protegido por el anonimato, con la depreciaci\u00f3n de la credibilidad del ministro de Justicia subieron las chances de que Lula acceda al r\u00e9gimen semiabierto como lo solicit\u00f3 la semana pasada una procuradora al Superior Tribunal de Justicia, de la tercera instancia.<\/p>\n<p>Los hechos imputados al funcionaro m\u00e1s notorio del gabinete son \u201cmuy graves\u201d, declar\u00f3 sin proteger su identidad Gilmar Mendes, \u00e9l tambi\u00e9n miembro de la m\u00e1s alta Corte.<\/p>\n<p>En el Congreso, el l\u00edder de la bancada del Partido de los Trabajadores Paulo Pimenta, anunci\u00f3 el inicio de conversaciones con otras fuerzas de izquierda para la creaci\u00f3n de una Comisi\u00f3n Parlamentaria de Investigaciones con foco en Moro y Dallagnol. Otra de las transcripciones divulgadas por The Intercept informa sobre la indignaci\u00f3n de algunos fiscales sobre la posibilidad de que Lula conceda una entrevista antes de las elecciones y la preocupaci\u00f3n con que pueda contribuir a la victoria de su apadrinado pol\u00edtico, Fernando Haddad.<\/p>\n<p>En ese mismo trecho de la nota los miembros del Ministerio P\u00fablico planean una estrategia para que ese reportaje a los diarios Folha y El Pa\u00eds \u2013 que finalmente no se hizo en 2018\u2013 sea convertido en una conferencia de prensa a fin de que en ella haya periodistas afines a Lava Jato.<\/p>\n<p>The Intercept anticip\u00f3 que cuenta con harta documentaci\u00f3n a ser publcada en pr\u00f3ximas ediciones, que de ser tan letales como las del domingo, pueden afectar m\u00e1s a Moro y eventualmente salpicar a otros personajes. Los rumores sobre lo que vendr\u00e1 son de todo tama\u00f1o, y no se descarta que surjan conversaciones o menciones m\u00e1s detalladas sobre como se gest\u00f3 la aproximaci\u00f3n Moro-Bolsonaro.<\/p>\n<h6>Fuente: P\u00e1gina 12<\/h6>\n","protected":false},"excerpt":{"rendered":"<p>La conmoci\u00f3n causada por la revelaci\u00f3n sobre c\u00f3mo se arm\u00f3 la operaci\u00f3n\u00a0judicial-medi\u00e1tica contra Lula ya impact\u00f3 en la Corte Suprema, donde uno de los jueces\u00a0la consider\u00f3 \u201cmuy grave\u201d.<\/p>\n","protected":false},"author":2,"featured_media":91188,"comment_status":"closed","ping_status":"closed","sticky":false,"template":"","format":"standard","meta":{"footnotes":""},"categories":[22],"tags":[57],"class_list":["post-91187","post","type-post","status-publish","format-standard","has-post-thumbnail","hentry","category-el-mundo","tag-el-mundo"],"_links":{"self":[{"href":"http:\/\/argentinamunicipal.com.ar\/argentina\/wp-json\/wp\/v2\/posts\/91187","targetHints":{"allow":["GET"]}}],"collection":[{"href":"http:\/\/argentinamunicipal.com.ar\/argentina\/wp-json\/wp\/v2\/posts"}],"about":[{"href":"http:\/\/argentinamunicipal.com.ar\/argentina\/wp-json\/wp\/v2\/types\/post"}],"author":[{"embeddable":true,"href":"http:\/\/argentinamunicipal.com.ar\/argentina\/wp-json\/wp\/v2\/users\/2"}],"replies":[{"embeddable":true,"href":"http:\/\/argentinamunicipal.com.ar\/argentina\/wp-json\/wp\/v2\/comments?post=91187"}],"version-history":[{"count":0,"href":"http:\/\/argentinamunicipal.com.ar\/argentina\/wp-json\/wp\/v2\/posts\/91187\/revisions"}],"wp:featuredmedia":[{"embeddable":true,"href":"http:\/\/argentinamunicipal.com.ar\/argentina\/wp-json\/wp\/v2\/media\/91188"}],"wp:attachment":[{"href":"http:\/\/argentinamunicipal.com.ar\/argentina\/wp-json\/wp\/v2\/media?parent=91187"}],"wp:term":[{"taxonomy":"category","embeddable":true,"href":"http:\/\/argentinamunicipal.com.ar\/argentina\/wp-json\/wp\/v2\/categories?post=91187"},{"taxonomy":"post_tag","embeddable":true,"href":"http:\/\/argentinamunicipal.com.ar\/argentina\/wp-json\/wp\/v2\/tags?post=91187"}],"curies":[{"name":"wp","href":"https:\/\/api.w.org\/{rel}","templated":true}]}}