{"id":91285,"date":"2019-06-12T21:15:06","date_gmt":"2019-06-13T00:15:06","guid":{"rendered":"http:\/\/argentinamunicipal.com.ar\/argentina\/?p=91285"},"modified":"2019-06-12T21:15:06","modified_gmt":"2019-06-13T00:15:06","slug":"rosario-fein-dijo-que-el-sistema-de-transporte-esta-en-crisis-pero-que-por-ahora-no-habra-aumento-del-boleto","status":"publish","type":"post","link":"http:\/\/argentinamunicipal.com.ar\/argentina\/rosario-fein-dijo-que-el-sistema-de-transporte-esta-en-crisis-pero-que-por-ahora-no-habra-aumento-del-boleto\/","title":{"rendered":"Rosario: Fein dijo que \u00abel sistema de transporte est\u00e1 en crisis\u00bb pero que por ahora no habr\u00e1 aumento del boleto"},"content":{"rendered":"<p>La intendenta critic\u00f3 al gobierno nacional que subsidia el doble al transporte en Buenos Aires. \u00abDietrich es el ministro de Capital, se la paso inaugurando obras ah\u00cd\u00bb, dijo y anticip\u00f3 que reclamar\u00e1 m\u00e1s recursos.<\/p>\n<p>La intendenta M\u00f3nica Fein critic\u00f3 hoy la pol\u00edtica del gobierno nacional de subsidiar a Capital Federal y Gran Buenos Aires y quitar recursos al interior del pa\u00eds. Adem\u00e1s dijo que si el domingo es elegida como senadora va a impulsar m\u00e1s el trabajo colaborativo entre las ciudades.<\/p>\n<p>\u00abParece que Guillermo Dietrich es ministro del AMBA (Area Metropolitana de Buenos Aires) donde inaugura obras mientars a nosotros nos han sacado los subsidios\u00bb, dijo la intendenta hoy en el programa\u00a0\u00abZysman 830\u00bb\u00a0en los estudios de\u00a0La Ocho.<\/p>\n<p>\u00abEl panorama de todo el transporte del pa\u00eds est\u00e1 grave\u00bb, afirm\u00f3 para explicar que es un problema que se acrecienta por la quita de subsidios.<\/p>\n<p>Sin embargo, consultada acerca de si piensa aumentar el mes pr\u00f3ximo la tarifa del boleto, indic\u00f3 que no es el camino. \u00abVamos a pelear por m\u00e1s subsidios, estoy convencida que a tarifa m\u00e1s alta, se bajan m\u00e1s pasajeros\u00bb, admiti\u00f3.<\/p>\n<p>Para aclarar que \u00abla falta de actividad econ\u00f3mica tambi\u00e9n baja pasajeros de los colectivos\u00bb. En ese sentido, insisti\u00f3 que hay que \u00abbuscar nuevos mecanismos que no sean aumentar la tarifa\u00bb y para eso, la opci\u00f3n es que \u00abla Provincia o la Naci\u00f3n aumenten los subsidios\u00bb.<\/p>\n<p>Adem\u00e1s se refiri\u00f3 a las promesas de campa\u00f1a de Roberto Sukerman que asegura que va a reducir la tarifa del boleto. \u00abMe preocupan estas declaraciones demag\u00f3gicas que dicen que van a bajar todo, la verdad es que tienen que decir que van a dejar de hacer, por ah\u00ed dejan de entregar medicamentos a quienes lo necesitan y lo pondr\u00e1n en el transporte\u00bb, chicane\u00f3.<\/p>\n<p>Sobre las propuestas del candidato del PJ, dijo: \u00abNo lo hicieron cuando fueron gobierno, durante el kirchnerismo le dieron el triple a Capital Federal, el subte costaba 2 pesos y en Rosario el colectivo costaba 10 pesos, esa equidad no existi\u00f3, son promesas de campa\u00f1a que le hace mal a la pol\u00edtica\u00bb.<\/p>\n<p>\u00abLa \u00fanica verdad es que est\u00e1 en crisis el transporte por una decisi\u00f3n de los gobiernos nacionales de subsidiar dos o tres veces m\u00e1s a\u00f1o AMBA, as\u00ed todos los colectivos que van de Capital a San Isidro tienen doble de subsidio de lo que tiene el de Rosario que va a P\u00e9rez o a Villa Gobernador G\u00e1lvez\u00bb, resumi\u00f3.<\/p>\n<p>Respecto a las expectativas para las elecciones del domingo, la intendenta dijo que despu\u00e9s de las Paso la gente se fue focalizando y ahora \u00abtiene claro que tiene que ir a votar\u00bb.<\/p>\n<p>En ese sentido apoy\u00f3 el plan del candidato a gobernador del Frente Progresista, Antonio Bonfatti, \u00abpara fortalecer la capacidad productiva diversa que tiene la regi\u00f3n\u00bb.<\/p>\n<p>\u00abHay desarrollo de empresas tecnol\u00f3gicas y de servicio, hay un cambio de paradigma, no s\u00f3lo de impulso a empresas industriales, hay que pensar m\u00e1s en lo colaborativo que en pelear entre las ciudades\u00bb, propuso.<\/p>\n<p>Fein dijo que si es electa senadora provincial, trabajar\u00e1 para conseguir \u00abm\u00e1s recurso para los municipios, mejor transporte metropolitano y potenciar la capacidad productiva\u00bb.<\/p>\n<p>Respecto a la ciudad de Rosario, asegur\u00f3 que \u00abPablo Javkin va a ser el que va a hacer lo nuevo, y que cuide lo que hicimos\u00bb.<\/p>\n<h6>Fuente: La Capital<\/h6>\n","protected":false},"excerpt":{"rendered":"<p>La intendenta critic\u00f3 al gobierno nacional que subsidia el doble al transporte en Buenos Aires. \u00abDietrich es el ministro de Capital, se la paso inaugurando obras ah\u00cd\u00bb, dijo y anticip\u00f3 que reclamar\u00e1 m\u00e1s recursos.<\/p>\n","protected":false},"author":2,"featured_media":91286,"comment_status":"closed","ping_status":"closed","sticky":false,"template":"","format":"standard","meta":{"footnotes":""},"categories":[5],"tags":[10],"class_list":["post-91285","post","type-post","status-publish","format-standard","has-post-thumbnail","hentry","category-informe-economico","tag-santa-fe"],"_links":{"self":[{"href":"http:\/\/argentinamunicipal.com.ar\/argentina\/wp-json\/wp\/v2\/posts\/91285","targetHints":{"allow":["GET"]}}],"collection":[{"href":"http:\/\/argentinamunicipal.com.ar\/argentina\/wp-json\/wp\/v2\/posts"}],"about":[{"href":"http:\/\/argentinamunicipal.com.ar\/argentina\/wp-json\/wp\/v2\/types\/post"}],"author":[{"embeddable":true,"href":"http:\/\/argentinamunicipal.com.ar\/argentina\/wp-json\/wp\/v2\/users\/2"}],"replies":[{"embeddable":true,"href":"http:\/\/argentinamunicipal.com.ar\/argentina\/wp-json\/wp\/v2\/comments?post=91285"}],"version-history":[{"count":0,"href":"http:\/\/argentinamunicipal.com.ar\/argentina\/wp-json\/wp\/v2\/posts\/91285\/revisions"}],"wp:featuredmedia":[{"embeddable":true,"href":"http:\/\/argentinamunicipal.com.ar\/argentina\/wp-json\/wp\/v2\/media\/91286"}],"wp:attachment":[{"href":"http:\/\/argentinamunicipal.com.ar\/argentina\/wp-json\/wp\/v2\/media?parent=91285"}],"wp:term":[{"taxonomy":"category","embeddable":true,"href":"http:\/\/argentinamunicipal.com.ar\/argentina\/wp-json\/wp\/v2\/categories?post=91285"},{"taxonomy":"post_tag","embeddable":true,"href":"http:\/\/argentinamunicipal.com.ar\/argentina\/wp-json\/wp\/v2\/tags?post=91285"}],"curies":[{"name":"wp","href":"https:\/\/api.w.org\/{rel}","templated":true}]}}