{"id":91332,"date":"2019-06-17T11:03:25","date_gmt":"2019-06-17T14:03:25","guid":{"rendered":"http:\/\/argentinamunicipal.com.ar\/argentina\/?p=91332"},"modified":"2019-06-17T11:03:25","modified_gmt":"2019-06-17T14:03:25","slug":"el-cuco-no-es-uno-solo","status":"publish","type":"post","link":"http:\/\/argentinamunicipal.com.ar\/argentina\/el-cuco-no-es-uno-solo\/","title":{"rendered":"El cuco no es uno solo"},"content":{"rendered":"<p>Es cierto que la actividad pol\u00edtica tiene un alto componente ficcional.<\/p>\n<p>La modalidad argentina se caracteriza por exacerbar ese elemento.<\/p>\n<p>Miguel \u00c1ngel Pichetto fue presentado por el periodismo y los consultores oficialistas como una gran movida de Casa Rosada, en lo que se pareci\u00f3 a tratar de empardar a CFK porque impact\u00f3 al bajarse para subirse de otro modo.<\/p>\n<p>La \u00fanica verdad es que Macri recurri\u00f3 a Pichetto tras las negativas de Juan Manuel Urtubey y Ernesto Sanz, m\u00e1s la certificaci\u00f3n de que ya no hab\u00eda tiempo para instalar una candidata joven de recorrido y carisma, m\u00ednimos, como para dar pelea pareja.<\/p>\n<p>Tampoco hab\u00eda forma de rescatar alguna otra figura competitiva en el radicalismo, al que Macri le prodiga una profunda desconfianza.<\/p>\n<p>Pichetto es el resultado de ese descarte, y mal puede entonces adjudic\u00e1rsele el car\u00e1cter de sorpresa buscada.<\/p>\n<p>Podr\u00e1 pensarse lo que se quiera de Cristina y su decisi\u00f3n, y de c\u00f3mo vaya a salirle. Lo que no se puede es negar que ella la elabor\u00f3 hace tiempo y de a poco, desde la recomposici\u00f3n de relaciones con Alberto Fern\u00e1ndez.<\/p>\n<p>Muy por el contrario, Pichetto es pr\u00e1cticamente el \u00faltimo lance de f\u00f3rmula que le quedaba al macrismo y, si acaso les saliera bien, ser\u00e1 por lo que hagan de ac\u00e1 en adelante. Nunca porque vinieran elucubr\u00e1ndolo. Lo de gran movida, en consecuencia, te la debo.<\/p>\n<p>Pero eso no es todo en materia de ficciones, porque adem\u00e1s resulta que el senador les allega a los macristas un ingrediente peronista.<\/p>\n<p>Hay dos partes en ese cuento.<\/p>\n<p>La primera es que, si el significado de \u201cperonismo\u201d corresponde a la mejor versi\u00f3n de esa corriente hist\u00f3rica en su sentido de regular los desequilibrios sociales, el rionegrino es un ajeno por completo porque hace rato que sus definiciones econ\u00f3micas y generales est\u00e1n exactamente en la vereda opuesta.<\/p>\n<p>Lo revela \u00e9l mismo con sus alusiones xen\u00f3fobas, adem\u00e1s, y acaba de agregarle la pimienta macarta de acusar a Axel Kicillof por comunista.<\/p>\n<p>Hasta puede decirse que Pichetto ven\u00eda militando para que Macri terminara de seducirlo.<\/p>\n<p>Ser\u00e1 un pol\u00edtico h\u00e1bil. Ser\u00e1 obediente, como siempre lo fue, con la estructura que le toque a su profesionalismo. Ser\u00e1 un muy buen declarante y habr\u00e1 que ver si en campa\u00f1a llega a la estatura de orador, aunque en ese aspecto es de lo mejorcito que consigui\u00f3 el otrora Cambiemos para asentar su n\u00facleo duro (so pena de que para el gorilaje m\u00e1s extremo es un sapo del \u00c1frica Central).<\/p>\n<p>Pero rotularlo en la actualidad como peronista es casi una extravagancia.<\/p>\n<p>La segunda parte del relato, trabajada por la propaganda oficial \u00a0bajo el argumento de que \u201chay peronistas y peronistas\u201d, consiste en que Pichetto le da \u201camplitud\u201d al espacio de Macri. Con eso se puede estar de acuerdo, aunque no en la direcci\u00f3n publicitada sino en la de que se agrega derecha a la derecha. Un conservador de aquellos, con el agregado de rasgos manifiestamente fachos.<\/p>\n<p>Fuera de tal apreciaci\u00f3n ideol\u00f3gica, \u00bfde qu\u00e9 amplitud concreta estar\u00edan parloteando?<\/p>\n<p>\u00bfQu\u00e9 territorios e influencia maneja Pichetto? Nada. Nada que no sea una proyecci\u00f3n de imaginario.<\/p>\n<p>En todo caso, es interesante que los cambiemitas, sin perder de vista que la jugada fue de \u00faltima, tuvieran que caer en un pol\u00edtico profesional para dar imagen de que est\u00e1n dispuestos a tejer por ah\u00ed.<\/p>\n<p>Con el discurso zen de la antipol\u00edtica y de los empresarios puestos a conducir vieron que se iban a pique. Por lo tanto, inventan que admiten la necesidad de ser amplios en la rosca.<\/p>\n<p>Y al cabo, tampoco nada modifica que la f\u00f3rmula oficialista realmente existente es d\u00f3lar quieto e invenci\u00f3n inflacionaria a la baja. Asimismo ya dicho, el aumento de precios de un a\u00f1o hasta ac\u00e1 llega a cerca del 60 por ciento. In\u00e9dito en tres d\u00e9cadas, pero la noticia es que la inflaci\u00f3n est\u00e1 bajando.<\/p>\n<p>Seg\u00fan encuestas tanto p\u00fablicas como reservadas que se conocieron recientemente, alrededor de un tercio del electorado definir\u00e1 su voto entre los pr\u00f3ximos tres meses y el mismo d\u00eda de los comicios.<\/p>\n<p>Sin entrar en mayores disquisiciones al respecto sobre fechas de primarias, primera vuelta y eventual ballottage, se cita el dato porque, aun sin ser afectos ni mucho menos a la encuestoman\u00eda electoral, hay verosimilitud por encima de aroma a n\u00fameros operados.<\/p>\n<p>\u00bfO acaso no hablamos, por en\u00e9sima vez, de esa franja de vacilantes e impasibles que est\u00e1 bien lejos de una politizaci\u00f3n asumida?<\/p>\n<p>Esto es: politizados estamos todos, todo el tiempo y en todas partes, pero afrontar la condici\u00f3n de tales es tan otra cosa que, si as\u00ed no fuera, vivir\u00edamos en el para\u00edso universal de la conciencia de las masas.<\/p>\n<p>Que est\u00e9 en duda si habr\u00e1 una mayor\u00eda o primera minor\u00eda efectiva para acabar con el modelo macrista que perjudic\u00f3, incluso y c\u00f3mo, a quienes votaron por \u00e9l, basta para tener idea de la dimensi\u00f3n que porta esta batalla. Que es de ideas, precisamente. No muy grandes, si se quiere.<\/p>\n<p>Intentar salir de a poco del espejismo surgido en la expectativa hacia el rico confiable para el mundo, que multiplic\u00f3 pobres, inflaci\u00f3n, indigentes, deuda externa; que produce 50 pymes cerradas por d\u00eda; que como proyecto estrat\u00e9gico se jug\u00f3 por el apoyo productivo de inversionistas extranjeros, justo cuando el capital monop\u00f3lico mundial tiene el signo de endeudar ilimitadamente a las periferias mediante programas de ajuste.<\/p>\n<p>O intentar creer de nuevo en las profec\u00edas de quienes nunca resolvieron nada en t\u00e9rminos de repartir mejor.<\/p>\n<p>\u00bfD\u00f3nde se vio que d\u00e9 resultados positivos un programa del FMI?<\/p>\n<p>\u00bfCu\u00e1ndo pas\u00f3, y por qu\u00e9 podr\u00eda pasar, que ahorcar al Estado devengue en beneficios para las grandes mayor\u00edas?<\/p>\n<p>\u00bfEn qu\u00e9 momento de cu\u00e1l pa\u00eds les acomod\u00f3 la vida econ\u00f3mica a qui\u00e9nes el achicamiento del d\u00e9ficit fiscal?<\/p>\n<p>Argentina vive una situaci\u00f3n social \u2013que no pol\u00edtica ni financiera\u2013 de crecientes semejanzas a la de 2001.<\/p>\n<p>La malla protectora que dej\u00f3 el kirchnerismo, ya no expansiva, es aguantada a duras penas en el conurbano bonaerense al solo efecto de evitar estallidos. Es en lo pol\u00edtico donde Heidi teclea, para espanto casi decisivo del macrismo.<\/p>\n<p>A medida que se acerquen las elecciones, el Gobierno volcar\u00e1 cuantos fondos le hagan falta para pelear una provincia que, de perderla, le augura un final dram\u00e1tico del mando nacional. Solamente puede contrastar a ese karma recreando fantas\u00edas de estabilidad, en los sectores de clase media refractarios al peronismo. O mejor dicho, a Cristina.<\/p>\n<p>Aquello de sentirme mejor aunque me vaya peor, de puro gorila o de puro inconsciente.<\/p>\n<p>\u00bfEs tan complicado de entender?<\/p>\n<p>Evidentemente s\u00ed, porque de lo contrario no estar\u00eda corri\u00e9ndose el riesgo, o haci\u00e9ndose la pregunta, de que Macri pudiera volver a imponerse.<\/p>\n<p>Lo seguro no es qu\u00e9 pasar\u00e1 si ganan Fern\u00e1ndez y Fern\u00e1ndez, por mucho que, en definitiva, el Frente de Todos convoca en lo b\u00e1sico a un grueso de alianzas sectoriales para reacomodar tantos, capaces de volver a un modelo de capitalismo distributivamente m\u00e1s equitativo, sin la verg\u00fcenza de que un pa\u00eds con los recursos de \u00e9ste sea una exhibici\u00f3n de gente durmiendo en la calle, sacando cr\u00e9ditos a tasas usurarias para pagar tarifas, con la mitad de su industria parada. Con hambre.<\/p>\n<p>Lo seguro es a d\u00f3nde se ir\u00e1 a parar (en rigor, a d\u00f3nde se continuar\u00e1 yendo) si la porci\u00f3n de irresolutos no es convencida, con propuestas firmes, de que el salto al vac\u00edo es Macri.<\/p>\n<p>La invenci\u00f3n forzada de Pichetto; la probabilidad de gobernadores sibaritas con lista corta; la euforia de los mercados; el duranbarbismo reciclado; el aparato medi\u00e1tico-judicial; la promesa de que ahora s\u00ed los cambiemitas tienen vocaci\u00f3n de construir pol\u00edtica por fuera de su c\u00edrculo de CEOs&#8230; nada de esa bater\u00eda, sin tampoco subestimarla, deber\u00eda alcanzarle al oficialismo para vencer a una unidad opositora inteligente.<\/p>\n<p>Eso quiere decir, supone un mero comentarista, demostrar que el cuco es uno solo.<\/p>\n<p>Por\u00a0Eduardo Aliverti<\/p>\n<h6>Fuente: P\u00e1gina 12<\/h6>\n","protected":false},"excerpt":{"rendered":"<p>Es cierto que la actividad pol\u00edtica tiene un alto componente ficcional.\u00a0<\/p>\n","protected":false},"author":2,"featured_media":91333,"comment_status":"closed","ping_status":"closed","sticky":false,"template":"","format":"standard","meta":{"footnotes":""},"categories":[6],"tags":[21],"class_list":["post-91332","post","type-post","status-publish","format-standard","has-post-thumbnail","hentry","category-opiniones","tag-argentina"],"_links":{"self":[{"href":"http:\/\/argentinamunicipal.com.ar\/argentina\/wp-json\/wp\/v2\/posts\/91332","targetHints":{"allow":["GET"]}}],"collection":[{"href":"http:\/\/argentinamunicipal.com.ar\/argentina\/wp-json\/wp\/v2\/posts"}],"about":[{"href":"http:\/\/argentinamunicipal.com.ar\/argentina\/wp-json\/wp\/v2\/types\/post"}],"author":[{"embeddable":true,"href":"http:\/\/argentinamunicipal.com.ar\/argentina\/wp-json\/wp\/v2\/users\/2"}],"replies":[{"embeddable":true,"href":"http:\/\/argentinamunicipal.com.ar\/argentina\/wp-json\/wp\/v2\/comments?post=91332"}],"version-history":[{"count":0,"href":"http:\/\/argentinamunicipal.com.ar\/argentina\/wp-json\/wp\/v2\/posts\/91332\/revisions"}],"wp:featuredmedia":[{"embeddable":true,"href":"http:\/\/argentinamunicipal.com.ar\/argentina\/wp-json\/wp\/v2\/media\/91333"}],"wp:attachment":[{"href":"http:\/\/argentinamunicipal.com.ar\/argentina\/wp-json\/wp\/v2\/media?parent=91332"}],"wp:term":[{"taxonomy":"category","embeddable":true,"href":"http:\/\/argentinamunicipal.com.ar\/argentina\/wp-json\/wp\/v2\/categories?post=91332"},{"taxonomy":"post_tag","embeddable":true,"href":"http:\/\/argentinamunicipal.com.ar\/argentina\/wp-json\/wp\/v2\/tags?post=91332"}],"curies":[{"name":"wp","href":"https:\/\/api.w.org\/{rel}","templated":true}]}}