{"id":91473,"date":"2019-06-21T17:59:16","date_gmt":"2019-06-21T20:59:16","guid":{"rendered":"http:\/\/argentinamunicipal.com.ar\/argentina\/?p=91473"},"modified":"2019-06-21T17:59:16","modified_gmt":"2019-06-21T20:59:16","slug":"yo-senor-no-senor-macri-culpo-a-los-moyano-por-el-indice-de-desocupacion","status":"publish","type":"post","link":"http:\/\/argentinamunicipal.com.ar\/argentina\/yo-senor-no-senor-macri-culpo-a-los-moyano-por-el-indice-de-desocupacion\/","title":{"rendered":"\u00bfYo, se\u00f1or? No, se\u00f1or: Macri culp\u00f3 a los Moyano por el \u00edndice de desocupaci\u00f3n"},"content":{"rendered":"<p>Durante un acto por el D\u00eda de la Bandera en Rosario, sin el gobernador Miguel Lifschitz, el Presidente acus\u00f3 a Camioneros por el costo de los productos y habl\u00f3 de \u00abla patota del transporte\u00bb.<\/p>\n<p>El presidente Mauricio Macri volvi\u00f3 a poner en terceros una falla de su gobierno. Esta vez carg\u00f3 contra los Moyano por el \u00edndice de desocupaci\u00f3n, que seg\u00fan cifras que el Indec public\u00f3 este mi\u00e9rcoles es del 10,1%, la m\u00e1s alta en 12 a\u00f1os.<\/p>\n<p>Durante un acto por el D\u00eda de la Bandera, el mandatario apunt\u00f3 a los l\u00edderes de Camioneros,\u00a0Hugo y Pablo Moyano, y afirm\u00f3 que por sus\u00a0\u00abprivilegios acumulados de forma ilegal\u00bb, el pa\u00eds tiene el\u00a0\u00abcosto de transporte m\u00e1s alto de la regi\u00f3n\u00bb, lo que genera \u00abdesempleo\u00bb.<\/p>\n<p>Tambi\u00e9n dijo que forman parte de\u00a0\u00abla patota del transporte\u00bb, que provoca que \u00abla Argentina tenga el costo m\u00e1s alto de la regi\u00f3n\u00bb.<\/p>\n<p>Seg\u00fan asever\u00f3, la incidencia del transporte en la producci\u00f3n de lim\u00f3n es del 24% y en las bebidas y gaseosas llega a 44%: \u201cEs much\u00edsimo, es el doble de lo que cuesta. Incide en Brasil y Chile para comparar. El producto no puede competir y se queda sin trabajo. A ustedes que cuidan el mango as\u00ed les cuesta todo m\u00e1s caro, las gaseosas o el lim\u00f3n y todo lo que transporta en cami\u00f3n\u201d.<\/p>\n<p>\u201cCuando los Moyano quieren imponer algo, y la empresa o la pyme no est\u00e1 de acuerdo, le bloquean la planta y lo funden. Y en esa situaci\u00f3n tiene que ceder, que a la larga los termina dejando sin trabajo y los obliga a cerrar\u201d, denunci\u00f3.<\/p>\n<p>La actividad se realiz\u00f3 en el Club Cicl\u00f3n, con la presencia de funcionarios nacionales y dirigentes oficialistas de Santa Fe pero sin el gobernador Miguel Lifschitz.<\/p>\n<h6>Fuente: InfoNews<\/h6>\n","protected":false},"excerpt":{"rendered":"<p>Durante un acto por el D\u00eda de la Bandera en Rosario, sin el gobernador Miguel Lifschitz, el Presidente acus\u00f3 a Camioneros por el costo de los productos y habl\u00f3 de \u00abla patota del transporte\u00bb.\u00a0<\/p>\n","protected":false},"author":2,"featured_media":91474,"comment_status":"closed","ping_status":"closed","sticky":false,"template":"","format":"standard","meta":{"footnotes":""},"categories":[8],"tags":[21],"class_list":["post-91473","post","type-post","status-publish","format-standard","has-post-thumbnail","hentry","category-informe-nacional","tag-argentina"],"_links":{"self":[{"href":"http:\/\/argentinamunicipal.com.ar\/argentina\/wp-json\/wp\/v2\/posts\/91473","targetHints":{"allow":["GET"]}}],"collection":[{"href":"http:\/\/argentinamunicipal.com.ar\/argentina\/wp-json\/wp\/v2\/posts"}],"about":[{"href":"http:\/\/argentinamunicipal.com.ar\/argentina\/wp-json\/wp\/v2\/types\/post"}],"author":[{"embeddable":true,"href":"http:\/\/argentinamunicipal.com.ar\/argentina\/wp-json\/wp\/v2\/users\/2"}],"replies":[{"embeddable":true,"href":"http:\/\/argentinamunicipal.com.ar\/argentina\/wp-json\/wp\/v2\/comments?post=91473"}],"version-history":[{"count":0,"href":"http:\/\/argentinamunicipal.com.ar\/argentina\/wp-json\/wp\/v2\/posts\/91473\/revisions"}],"wp:featuredmedia":[{"embeddable":true,"href":"http:\/\/argentinamunicipal.com.ar\/argentina\/wp-json\/wp\/v2\/media\/91474"}],"wp:attachment":[{"href":"http:\/\/argentinamunicipal.com.ar\/argentina\/wp-json\/wp\/v2\/media?parent=91473"}],"wp:term":[{"taxonomy":"category","embeddable":true,"href":"http:\/\/argentinamunicipal.com.ar\/argentina\/wp-json\/wp\/v2\/categories?post=91473"},{"taxonomy":"post_tag","embeddable":true,"href":"http:\/\/argentinamunicipal.com.ar\/argentina\/wp-json\/wp\/v2\/tags?post=91473"}],"curies":[{"name":"wp","href":"https:\/\/api.w.org\/{rel}","templated":true}]}}