{"id":91503,"date":"2019-06-21T20:13:01","date_gmt":"2019-06-21T23:13:01","guid":{"rendered":"http:\/\/argentinamunicipal.com.ar\/argentina\/?p=91503"},"modified":"2019-06-21T20:13:01","modified_gmt":"2019-06-21T23:13:01","slug":"the-end-of-the-grieta-capitulo-dos","status":"publish","type":"post","link":"http:\/\/argentinamunicipal.com.ar\/argentina\/the-end-of-the-grieta-capitulo-dos\/","title":{"rendered":"The end of the grieta, cap\u00edtulo dos"},"content":{"rendered":"<p>Tras un par de semanas de histeriqueos poco cre\u00edbles, el kirchnerismo y Sergio Massa cerraron una alianza electoral que constituye el pen\u00faltimo hito (el \u00faltimo ser\u00e1 la constituci\u00f3n definitiva de las listas en la noche del s\u00e1bado) de un camino de reunificaci\u00f3n en pos del objetivo may\u00fasculo de derrotar al macrismo e inaugurar la era de la pos-grieta. El proceso comenz\u00f3 hace casi dos a\u00f1os, cuando Cristina perdi\u00f3 los comicios de 2017 y, de manera silenciosa pero a esta altura bastante evidente, se dio a una tarea de reconciliaci\u00f3n y apertura que incluy\u00f3 la repatriaci\u00f3n de los exiliados, el di\u00e1logo con los que nunca estuvieron y la tremenda decisi\u00f3n de designar a Alberto Fern\u00e1ndez como candidato a presidente.<\/p>\n<p>Durante su larga traves\u00eda por el desierto del anti-kirchnerismo, Alberto y Massa criticaron muchas de las decisiones de Cristina: la implementaci\u00f3n de la ley de medios, la reforma de la justicia, el memor\u00e1ndum con Ir\u00e1n, los devaneos de re-reelecci\u00f3n. No rese\u00f1amos aqu\u00ed todos los cuestionamientos, cualquiera puede revisarlos en las recopilaciones que algunos medios difunden en estos d\u00edas. Pero hab\u00eda un matiz, tan sutil como decisivo: ninguno de los dos se dej\u00f3 vencer por la tentaci\u00f3n de transformar sus cr\u00edticas en planteos \u00e9ticos. Por duros que fueran, los cuestionamientos no alud\u00edan a la honestidad o a la vida personal sino a la gesti\u00f3n y la pol\u00edtica (n\u00f3tese que no fue esta la posici\u00f3n de otros opositores hoy convertidos en aliados, lo que no deja de ser un problema: un dirigente puede justificar una decisi\u00f3n con base en razones pol\u00edticas, de cambio de contexto, hasta t\u00e1cticas, pero resulta m\u00e1s dif\u00edcil explicar el acercamiento a una fuerza a la que en su momento se calific\u00f3 de \u201cbanda de ladrones\u201d; la cr\u00edtica moral es un recurso de construcci\u00f3n pol\u00edtica simple y vistoso pero de vuelo corto).<\/p>\n<p>La candidatura presidencial de Alberto y la alianza con Massa suponen una revisi\u00f3n impl\u00edcita de lo hecho durante los a\u00f1os de kirchnerismo intenso, que es la etapa de la cual ambos dirigentes tomaron distancia. Decidida por Cristina en pleno uso de sus facultades soberanas, la estrategia es un premio al car\u00e1cter independiente y la autonom\u00eda de criterio: una victoria de la cr\u00edtica. Y en este sentido no deja de llamar la atenci\u00f3n que quienes acompa\u00f1aron sin titubeos la etapa de batalla cultural y relato al palo hoy no se expresen sobre este sorprendente giro a la moderaci\u00f3n, este inesperado kirchnerismo de centro, comentario que alude menos a los dirigentes y funcionarios, obligados por las reglas de la pol\u00edtica a plantear sus diferencias hacia adentro y acompa\u00f1ar la decisi\u00f3n de la conducci\u00f3n incluso si se disiente con ella, que a los integrantes del ecosistema intelectual del kirchnerismo, sumergidos hoy en un silencio estridente: \u00bfqu\u00e9 opinan de la candidatura de Alberto? \u00bfVotar\u00e1n contentos a Massa? \u00bfC\u00f3mo puede ser que la apuesta a la identidad y la divisi\u00f3n del peronismo fuera una buena idea en 2013, 2015 y 2017 y que sea un problema ahora?<\/p>\n<p>Pero son detalles que pronto quedar\u00e1n en el pasado. Lo central es la estrategia de buscar la cuadratura de ese c\u00edrculo que Diego Genoud define como \u201ckirchnerismo de la conciliaci\u00f3n\u201d en base a la interesante idea de explorar un nuevo contrato social, un nuevo pacto entre argentinos, como los que ya se firmaron, y m\u00e1s o menos siguen vigentes, en torno a la no utilizaci\u00f3n de la violencia pol\u00edtica, la paz en las fronteras y los programas de contenci\u00f3n social: nuestras m\u00ednimas pol\u00edticas de Estado. Esta versi\u00f3n contractualista del kirchnerperonismo ha ido reuniendo el apoyo de casi todos los gobernadores e intendentes, buena parte de los sindicatos y el glamour que aporta el regreso de los desencantados. Se impone, domingo tras domingo, en las elecciones provinciales. Y aunque es imposible cuantificar el aporte contante y sonante de Massa, por poco que sea puede resultar crucial en unos comicios re\u00f1idos. Lo mismo con Alberto: no agrega votos pero reconfigura escenarios y es condici\u00f3n de posibilidad para la reunificaci\u00f3n. Como se\u00f1alamos en su momento, para que la unidad avanzara era necesaria la renuncia de Cristina al liderazgo, pues su presencia generaba una divisi\u00f3n tanto a nivel del electorado como de la superestructura dirigencial que hac\u00eda imposible pensar en un armado \u00fanico. Fue ella misma quien, sin m\u00e1s presiones que su propio sentido de la responsabilidad hist\u00f3rica, tom\u00f3 la decisi\u00f3n.<\/p>\n<p>Adem\u00e1s de Alberto y Massa, la otra novedad es la candidatura de Axel Kicillof a la gobernaci\u00f3n bonaerense, que completa y en cierto modo compensa la estrategia nacional. Una breve revisi\u00f3n de su vida p\u00fablica indica que Axel lleg\u00f3 al Ministerio de Econom\u00eda tras varios a\u00f1os de conducci\u00f3n atomizada (recordemos por caso la c\u00e9lebre conferencia de prensa de 2013 en la que se anunci\u00f3 el blanqueo de capitales protagonizada por\u2026 \u00a1cinco funcionarios!), etapa marcada por el protagonismo de Guillermo Moreno, que hoy cultiva un filofranquismo ultranacionalista que hasta puede parecer gracioso pero que en aquel momento hac\u00eda y deshac\u00eda como mono con tijera. Unificada finalmente en Axel, la nueva gesti\u00f3n econ\u00f3mica se propuso desarmar los desastres morenistas y comenzar a reordenar la macroeconom\u00eda con vistas a un regreso a los mercados financieros: aunque los acuerdos con el Club de Par\u00eds, el CIADI y Repsol, la devaluaci\u00f3n con suba de tasas de 2014 y la flexibilizaci\u00f3n del cepo iban en esa correcta direcci\u00f3n, el fallo de Thomas Griesa primero y la campa\u00f1a electoral despu\u00e9s complicaron los objetivos. Seguramente falt\u00f3 un di\u00e1logo m\u00e1s fluido con los actores corporativos y una mirada m\u00e1s sofisticada del sector privado, en particular del campo, que el ahora candidato Axel parece estar queriendo corregir con sus visitas al interior bonaerense y sus mateadas con chacareros, al atardecer y entre las vacas. Pero en todo caso la de Axel fue una gesti\u00f3n consistente en un momento dificil\u00edsimo. Y honesta: igual que Alberto y Massa y a diferencia de otros dirigentes que desempe\u00f1aron cargos de alta responsabilidad durante los gobiernos kirchneristas, no pesa sobre \u00e9l \u2013ni, lo que resulta m\u00e1s notable, sobre ninguno de los integrantes de su equipo\u2013 una sola denuncia de corrupci\u00f3n.<\/p>\n<p>Axel logr\u00f3 lo que no consiguieron dirigentes provinciales con peso propio y proyecci\u00f3n nacional estilo Coqui Capitanich o Agust\u00edn Rossi ni j\u00f3venes ambiciosos tipo Amado Boudou o Juan Manuel Abal Medina: expresar cabalmente al electorado kirchnerista y hacerlo sin diferenciarse, sin optar, como Scioli, por el contraste como forma de construcci\u00f3n de un perfil propio. Axel es el primer dirigente netamente kirchnerista \u2013fuera de N\u00e9stor y Cristina, claro\u2013 que goza de altos niveles de conocimiento y popularidad, incluso a nivel nacional. Puede ser, finalmente, el heredero de los votos. La campa\u00f1a bonaerense ser\u00e1 la oportunidad de comprobar si logra traspasar esta frontera dura y si el experimento que encarna \u2013un candidato de origen universitario y perfil izquierdista en una provincia de cultura pol\u00edtica conservadora y duhaldista- resulta exitoso.<\/p>\n<p>Concluyamos. El protagonismo de Alberto y Massa, dos ex jefes de gabinete que se alejaron exhibiendo sus diferencias con Cristina y la enfrentaron durante una d\u00e9cada, implica un cambio feroz en la orientaci\u00f3n del kirchnerperonismo, tan profundo que oblig\u00f3 a Macri a quemar los manuales de Dur\u00e1n Barba y elegir como candidato a vicepresidente a Miguel Angel Pichetto, que no es mujer ni es joven y ciertamente no es emp\u00e1tico. Los anuncios de candidaturas se suceden y el polvo todav\u00eda flota en el aire. Pero parecen apuntar en el mismo sentido de una Argentina que quiere dejar atr\u00e1s la era de la grieta para inaugurar una etapa de acuerdos, apertura y rosca.<\/p>\n<p>Por\u00a0Jos\u00e9 Natanson<\/p>\n<p>* Director de Le Monde Diplomatique,\u00a0Edici\u00f3n Cono Sur.<\/p>\n<h6>Fuente: P\u00e1gina 12<\/h6>\n","protected":false},"excerpt":{"rendered":"<p>Tras un par de semanas de histeriqueos poco cre\u00edbles, el kirchnerismo y Sergio Massa cerraron una alianza electoral que constituye el pen\u00faltimo hito (el \u00faltimo ser\u00e1 la constituci\u00f3n definitiva de las listas en la noche del s\u00e1bado) de un camino de reunificaci\u00f3n<\/p>\n","protected":false},"author":2,"featured_media":91504,"comment_status":"closed","ping_status":"closed","sticky":false,"template":"","format":"standard","meta":{"footnotes":""},"categories":[6],"tags":[21],"class_list":["post-91503","post","type-post","status-publish","format-standard","has-post-thumbnail","hentry","category-opiniones","tag-argentina"],"_links":{"self":[{"href":"http:\/\/argentinamunicipal.com.ar\/argentina\/wp-json\/wp\/v2\/posts\/91503","targetHints":{"allow":["GET"]}}],"collection":[{"href":"http:\/\/argentinamunicipal.com.ar\/argentina\/wp-json\/wp\/v2\/posts"}],"about":[{"href":"http:\/\/argentinamunicipal.com.ar\/argentina\/wp-json\/wp\/v2\/types\/post"}],"author":[{"embeddable":true,"href":"http:\/\/argentinamunicipal.com.ar\/argentina\/wp-json\/wp\/v2\/users\/2"}],"replies":[{"embeddable":true,"href":"http:\/\/argentinamunicipal.com.ar\/argentina\/wp-json\/wp\/v2\/comments?post=91503"}],"version-history":[{"count":0,"href":"http:\/\/argentinamunicipal.com.ar\/argentina\/wp-json\/wp\/v2\/posts\/91503\/revisions"}],"wp:featuredmedia":[{"embeddable":true,"href":"http:\/\/argentinamunicipal.com.ar\/argentina\/wp-json\/wp\/v2\/media\/91504"}],"wp:attachment":[{"href":"http:\/\/argentinamunicipal.com.ar\/argentina\/wp-json\/wp\/v2\/media?parent=91503"}],"wp:term":[{"taxonomy":"category","embeddable":true,"href":"http:\/\/argentinamunicipal.com.ar\/argentina\/wp-json\/wp\/v2\/categories?post=91503"},{"taxonomy":"post_tag","embeddable":true,"href":"http:\/\/argentinamunicipal.com.ar\/argentina\/wp-json\/wp\/v2\/tags?post=91503"}],"curies":[{"name":"wp","href":"https:\/\/api.w.org\/{rel}","templated":true}]}}