{"id":91509,"date":"2019-06-21T17:19:00","date_gmt":"2019-06-21T20:19:00","guid":{"rendered":"http:\/\/argentinamunicipal.com.ar\/argentina\/?p=91509"},"modified":"2019-06-21T20:20:43","modified_gmt":"2019-06-21T23:20:43","slug":"fabricaciones-militares-continua-la-lucha-contra-el-vaciamiento","status":"publish","type":"post","link":"http:\/\/argentinamunicipal.com.ar\/argentina\/fabricaciones-militares-continua-la-lucha-contra-el-vaciamiento\/","title":{"rendered":"Fabricaciones Militares: contin\u00faa la lucha contra el vaciamiento"},"content":{"rendered":"<p>Trabajadores de cada una de las dependencias de Fabricaciones Militares encabezaron un importante plenario en ATE Rosario en continuidad con el plan de lucha contra el vaciamiento del organismo. \u00abVamos por la incorporaci\u00f3n de nuestros compa\u00f1eros despedidos\u00bb.<br \/>\nTrabajadores de las F\u00e1bricas Militares de Fray Luis Beltr\u00e1n, Villa Mar\u00eda, R\u00edo Tercero y Sede Central se reunieron en ATE Rosario en el marco de un plenario nacional con la finalidad de seguir ratificando el plan de lucha contra el vaciamiento del organismo. Participaron tambi\u00e9n integrantes del CDN de ATE y la Comisi\u00f3n Administrativa local. El 17 de julio habr\u00e1 un nuevo encuentro en la ciudad de Buenos Aires.<br \/>\n\u00abEl encuentro era algo que nos hac\u00eda falta, principalmente para hacer un an\u00e1lisis de la situaci\u00f3n de cada f\u00e1brica. Nos vamos conformes por el trabajo que tenemos que hacer, siempre con el objetivo puesto en defender la fuente de trabajo. Vamos por la incorporaci\u00f3n de nuestros compa\u00f1eros que fueron despedidos producto de una persecuci\u00f3n ideol\u00f3gica y gremial\u00bb, explic\u00f3 el referente de Villa Mar\u00eda, Walter Fabi\u00e1n Secondino.<\/p>\n<p>En el mismo sentido el Secretario General de la junta interna de Fray Luis Beltr\u00e1n, Pablo Torres, y el representate de Sede Central, Juan Arag\u00f3n, resaltaron la importancia de adoptar medidas de acci\u00f3n \u00abfrente a la incertidumbre que genera el decreto 104, el cual cambiar\u00eda el marco jur\u00eddico de Fabricaciones\u00bb y enlazarlas con el plan de lucha por la reincorporaci\u00f3n de todos los despedidos en Fabricaciones Militares.<\/p>\n<p>Daniel Albornoz, de F\u00e1brica Militar de R\u00edo Tercero, agreg\u00f3 sobre esto la importancia de imponer una agenda, un plan de lucha, que no solamente permita reinstalar a los compa\u00f1eros despedidos sino tambi\u00e9n mantener las unidades productivas en funcionamiento. \u00abCelebramos esta instancia y ratificamos nuevamente que los trabajadores de Fabricaciones Militares estamos en lucha y vamos a defender cada uno de los puestos de trabajo para garantizar cada una de las plantas productivas\u00bb, expres\u00f3.<\/p>\n<h6>Fuente: sin Mordaza<\/h6>\n","protected":false},"excerpt":{"rendered":"<p>Trabajadores de cada una de las dependencias de Fabricaciones Militares encabezaron un importante plenario en ATE Rosario en continuidad con el plan de lucha contra el vaciamiento del organismo.<\/p>\n","protected":false},"author":2,"featured_media":91510,"comment_status":"closed","ping_status":"closed","sticky":false,"template":"","format":"standard","meta":{"footnotes":""},"categories":[2],"tags":[10],"class_list":["post-91509","post","type-post","status-publish","format-standard","has-post-thumbnail","hentry","category-informe-municipal","tag-santa-fe"],"_links":{"self":[{"href":"http:\/\/argentinamunicipal.com.ar\/argentina\/wp-json\/wp\/v2\/posts\/91509","targetHints":{"allow":["GET"]}}],"collection":[{"href":"http:\/\/argentinamunicipal.com.ar\/argentina\/wp-json\/wp\/v2\/posts"}],"about":[{"href":"http:\/\/argentinamunicipal.com.ar\/argentina\/wp-json\/wp\/v2\/types\/post"}],"author":[{"embeddable":true,"href":"http:\/\/argentinamunicipal.com.ar\/argentina\/wp-json\/wp\/v2\/users\/2"}],"replies":[{"embeddable":true,"href":"http:\/\/argentinamunicipal.com.ar\/argentina\/wp-json\/wp\/v2\/comments?post=91509"}],"version-history":[{"count":0,"href":"http:\/\/argentinamunicipal.com.ar\/argentina\/wp-json\/wp\/v2\/posts\/91509\/revisions"}],"wp:featuredmedia":[{"embeddable":true,"href":"http:\/\/argentinamunicipal.com.ar\/argentina\/wp-json\/wp\/v2\/media\/91510"}],"wp:attachment":[{"href":"http:\/\/argentinamunicipal.com.ar\/argentina\/wp-json\/wp\/v2\/media?parent=91509"}],"wp:term":[{"taxonomy":"category","embeddable":true,"href":"http:\/\/argentinamunicipal.com.ar\/argentina\/wp-json\/wp\/v2\/categories?post=91509"},{"taxonomy":"post_tag","embeddable":true,"href":"http:\/\/argentinamunicipal.com.ar\/argentina\/wp-json\/wp\/v2\/tags?post=91509"}],"curies":[{"name":"wp","href":"https:\/\/api.w.org\/{rel}","templated":true}]}}