{"id":91552,"date":"2019-06-24T06:31:41","date_gmt":"2019-06-24T09:31:41","guid":{"rendered":"http:\/\/argentinamunicipal.com.ar\/argentina\/?p=91552"},"modified":"2019-06-23T20:34:45","modified_gmt":"2019-06-23T23:34:45","slug":"rosario-crece-el-numero-de-familias-nuevas-que-piden-ayuda-al-estado","status":"publish","type":"post","link":"http:\/\/argentinamunicipal.com.ar\/argentina\/rosario-crece-el-numero-de-familias-nuevas-que-piden-ayuda-al-estado\/","title":{"rendered":"Rosario: Crece el n\u00famero de \u00abfamilias nuevas\u00bb que piden ayuda al Estado"},"content":{"rendered":"<p>Desde el municipio indicaron que son parejas de entre 30 y 35 a\u00f1os, con hijos, que tras perder el empleo demandan sobre todo un lugar donde vivir.<\/p>\n<p>Cada vez son m\u00e1s las familias que se acercan al Estado a pedir ayuda, fundamentalmente porque se quedaron en la calle en el \u00faltimo tiempo. As\u00ed lo viene registrando el Servicio de Atenci\u00f3n Ciudadana (SAC), de la Secretar\u00eda de Desarrollo Social de la Municipalidad, un \u00e1rea donde la demanda creci\u00f3 un 43 por ciento entre el primer trimestre de 2018 y el mismo per\u00edodo de 2019. \u00abSon lo que llamamos familias nuevas, grupos en los que no hab\u00edamos tenido intervenciones y que ahora vienen por primera vez a requerir ayuda a la red del Estado porque se quedaron sin un techo\u00bb, detall\u00f3 la titular de la Secretar\u00eda, Laura Capilla. A ese universo, se agrega un incremento de m\u00e1s del 50 por ciento en el caso de las personas detectadas en situaci\u00f3n de calle a trav\u00e9s del Operativo Invierno. Se trata tambi\u00e9n de personas j\u00f3venes, mayoritariamente hombres, que se encontraron en esa condici\u00f3n en el \u00faltimo a\u00f1o (ver p\u00e1gina 11).<\/p>\n<p>El SAC es por donde ingresan las demandas a Desarrollo Social, un \u00e1rea integrada por trabajadores sociales y una psic\u00f3loga. All\u00ed centenares de familias fueron a pedir ayuda por primera vez al Estado, y en un n\u00famero cada vez mayor en los \u00faltimos tiempos.<\/p>\n<p>El registro muestra que entre enero y marzo de 2018 fueron unos 300 grupos los que se acercaron; un n\u00famero que creci\u00f3 a casi 450 este a\u00f1o, una suba del 43 por ciento. Lo llamativo, destac\u00f3 la titular de Desarrollo Social, es que \u00abson familias que cuando las buscamos en los registros no las encontramos porque no ten\u00edan intervenciones previas, tampoco en el \u00e1rea de salud, lo que muestra que llegan por primera vez al Estado\u00bb.<\/p>\n<p>Es m\u00e1s, la funcionaria remarc\u00f3 un perfil determinado, ya que se trata de grupos que tienen adultos de entre 30 y 35 a\u00f1os, que se quedaron sin trabajo, y eso signific\u00f3 la imposibilidad de hacer frente a un alquiler o siquiera a una pensi\u00f3n. Por eso, buscan una respuesta a su problema habitacional.<\/p>\n<p><strong>La ayuda<\/strong><\/p>\n<p>\u00abMuchos se quedan en la calle por desalojo. Cuando hay ni\u00f1os la premisa fundamental es no dejarlos desprotegidos, se hace frente al alojamiento para las primeras noches y luego se trata de pensar en estrategias m\u00e1s a largo plazo\u00bb, indic\u00f3 Capilla, y apunt\u00f3 que la demanda laboral en esos casos se traslada a la Secretar\u00eda de Econom\u00eda Solidaria.<\/p>\n<p>Cuantificada en t\u00e9rminos econ\u00f3micos, la ayuda se increment\u00f3 m\u00e1s de un 60 por ciento entre el primer trimestre de 2018 y el mismo lapso de 2019, pasando de 1,9 mill\u00f3n de pesos a superar los tres millones.<\/p>\n<p>Esta demanda que se registra en este servicio, y que responde a la p\u00e9rdida del empleo en muchos casos, tiene su correlato en otras \u00e1reas del Estado, como la Secretar\u00eda de Salud P\u00fablica, que en los \u00faltimos a\u00f1os registr\u00f3 un incremento de las historias cl\u00ednicas familiares, sobre todo de quienes hasta hace meses ten\u00edan trabajo y obra social, pero que hoy requieren de la red de salud p\u00fablica y que en los \u00faltimos a\u00f1os representaron unos 40 mil nuevos pacientes para el municipio.<\/p>\n<p>Para la subsecretaria de Desarrollo Social, M\u00f3nica Peralta, la situaci\u00f3n desnuda \u00abla no existencia de una pol\u00edtica habitacional que d\u00e9 respuesta a estas situaciones, entonces aparecen las demandas de este tipo, pero adem\u00e1s toda la problem\u00e1tica se agudiza con la crisis; las familias que vienen con a\u00f1os de deterioro estallan en situaciones de violencia\u00bb.<\/p>\n<p><strong>Mujeres y ni\u00f1os<\/strong><\/p>\n<p>Las funcionarias remarcaron el abordaje de las mujeres que llegan solas con sus hijos, escenarios que \u00abgeneralmente est\u00e1n atravesados por situaciones de violencia familiar y violencia de g\u00e9nero\u00bb, subray\u00f3 Capilla. Es por eso que en estos casos la derivaci\u00f3n se hace a los dos albergues de la Municipalidad, donde tambi\u00e9n se viene registrando un fuerte incremento.<\/p>\n<p>Tanto es as\u00ed que entre 2016 y 2018, de acuerdo a los n\u00fameros de la propia Secretar\u00eda se alojaron en esos espacios 254 mujeres con 487 ni\u00f1os y ni\u00f1as, un n\u00famero que tambi\u00e9n viene en aumento.<\/p>\n<p>\u00abSon generalmente mujeres que atravesaron situaciones apremiantes, p\u00e9rdidas de empleo y otros condimentos que hacen estallar circunstancias que las obligan a abandonar su casa\u00bb, explic\u00f3 Capilla, y afirm\u00f3 que \u00abpor eso se trabaja en la contenci\u00f3n en los hogares, donde ante el incremento de la demanda desde hace tres a\u00f1os tambi\u00e9n hizo subir el n\u00famero de plazas disponibles\u00bb.<\/p>\n<h6>Fuente: La Capital<\/h6>\n","protected":false},"excerpt":{"rendered":"<p>Desde el municipio indicaron que son parejas de entre 30 y 35 a\u00f1os, con hijos, que tras perder el empleo demandan sobre todo un lugar donde vivir.<\/p>\n","protected":false},"author":2,"featured_media":91553,"comment_status":"closed","ping_status":"closed","sticky":false,"template":"","format":"standard","meta":{"footnotes":""},"categories":[2],"tags":[10],"class_list":["post-91552","post","type-post","status-publish","format-standard","has-post-thumbnail","hentry","category-informe-municipal","tag-santa-fe"],"_links":{"self":[{"href":"http:\/\/argentinamunicipal.com.ar\/argentina\/wp-json\/wp\/v2\/posts\/91552","targetHints":{"allow":["GET"]}}],"collection":[{"href":"http:\/\/argentinamunicipal.com.ar\/argentina\/wp-json\/wp\/v2\/posts"}],"about":[{"href":"http:\/\/argentinamunicipal.com.ar\/argentina\/wp-json\/wp\/v2\/types\/post"}],"author":[{"embeddable":true,"href":"http:\/\/argentinamunicipal.com.ar\/argentina\/wp-json\/wp\/v2\/users\/2"}],"replies":[{"embeddable":true,"href":"http:\/\/argentinamunicipal.com.ar\/argentina\/wp-json\/wp\/v2\/comments?post=91552"}],"version-history":[{"count":0,"href":"http:\/\/argentinamunicipal.com.ar\/argentina\/wp-json\/wp\/v2\/posts\/91552\/revisions"}],"wp:featuredmedia":[{"embeddable":true,"href":"http:\/\/argentinamunicipal.com.ar\/argentina\/wp-json\/wp\/v2\/media\/91553"}],"wp:attachment":[{"href":"http:\/\/argentinamunicipal.com.ar\/argentina\/wp-json\/wp\/v2\/media?parent=91552"}],"wp:term":[{"taxonomy":"category","embeddable":true,"href":"http:\/\/argentinamunicipal.com.ar\/argentina\/wp-json\/wp\/v2\/categories?post=91552"},{"taxonomy":"post_tag","embeddable":true,"href":"http:\/\/argentinamunicipal.com.ar\/argentina\/wp-json\/wp\/v2\/tags?post=91552"}],"curies":[{"name":"wp","href":"https:\/\/api.w.org\/{rel}","templated":true}]}}