{"id":91564,"date":"2019-06-24T06:20:49","date_gmt":"2019-06-24T09:20:49","guid":{"rendered":"http:\/\/argentinamunicipal.com.ar\/argentina\/?p=91564"},"modified":"2019-06-23T21:03:03","modified_gmt":"2019-06-24T00:03:03","slug":"las-mujeres-jovenes-son-las-mas-afectadas-por-el-desempleo-en-el-gran-santa-fe","status":"publish","type":"post","link":"http:\/\/argentinamunicipal.com.ar\/argentina\/las-mujeres-jovenes-son-las-mas-afectadas-por-el-desempleo-en-el-gran-santa-fe\/","title":{"rendered":"Las mujeres j\u00f3venes son las m\u00e1s afectadas por el desempleo en el Gran Santa Fe"},"content":{"rendered":"<p>Seg\u00fan el Indec, es el grupo concentrado que m\u00e1s se ve castigado por la desocupaci\u00f3n. Le siguen los j\u00f3venes del mismo rango etario<\/p>\n<p>En el Gran Santa Fe, las mujeres de hasta 29 a\u00f1os son las m\u00e1s afectadas por el desempleo como grupo concentrado, seg\u00fan el Instituto Nacional de Estad\u00edstica y Censos. Cada cuatro desocupados en la regi\u00f3n, una es una joven.<\/p>\n<p>Para el organismo, el\u00a0aglomerado Santa Fe tiene una tasa de desocupaci\u00f3n del 5,5 por ciento. De este total, que implica\u00a012 mil personas, el 44,44 por ciento son mujeres (88,24% menores de 29 y 11,76% mayores de 30) y 55,56 son varones (73,33% menores de 29 y 26,67% mayores de 30).\u00a0Y cabe destacar que en las estad\u00edsticas del Indec no se contemplan otras identidades de g\u00e9nero por fuera de las binarias.<\/p>\n<p>Al mismo tiempo, en la tasa de empleo las mujeres representan solo el 40,4 por ciento del sector ocupado en Gran Santa Fe. De ese total, solo el 9,88% de los trabajos pertenecen a mujeres menores de 29 a\u00f1os y 31,66% a mujeres de entre 30 y 64 a\u00f1os, mientras que el grupo concentrado con mayor ocupaci\u00f3n son los varones de entre 30 y 64 a\u00f1os con el 41,9% del total. Los varones j\u00f3venes menores de treinta tienen el 16,7% de los empleos totales.<\/p>\n<p>Seg\u00fan el informe del instituto, en el Gran Santa Fe hay 5 mil nuevos desocupados; ya que se relevaron 12 mil desempleados, contra siete mil existentes en la \u00faltima parte del 2018.<\/p>\n<p><strong>A nivel nacional<\/strong><\/p>\n<p>Seg\u00fan datos que public\u00f3 el Indec, en el primer trimestre de este a\u00f1o el desempleo lleg\u00f3 a 10,1%, super\u00f3 los dos d\u00edgitos por primera vez desde 2006. Es un incremento de un punto a comparaci\u00f3n del \u00faltimo trimestre del a\u00f1o pasado (9,1%). La subocupaci\u00f3n aument\u00f3 interanual de 9,8% a 11,8%.\u00a0Hay 155 mil nuevos desocupados\u00a0si se compara este primer trimestre con el de 2018.<\/p>\n<p>A nivel nacional se replica que el sector m\u00e1s afectado, por lejos,\u00a0es el rango de mujeres de entre 14 y 29 a\u00f1os.\u00a0All\u00ed el porcentaje de desempleadas escala a 23,1% contra el 18,5% que afecta a los hombres de la misma edad.<\/p>\n<p>En relaci\u00f3n al rubro, se observa que los trabajadores desempleados provenientes de la construcci\u00f3n y del comercio se incrementaron por encima del resto de las ramas de actividad, con aumentos de 1,5 puntos y 1,2 puntos respectivamente.<\/p>\n<p>Las regiones del pa\u00eds con una tasa superior al promedio son: Gran Buenos Aires (11,1%) y la regi\u00f3n pampeana (10,2%). Sin embargo, si se mide m\u00e1s particularmente,\u00a0los lugares con el peor \u00edndice son Ushuaia-R\u00edo Grande (13%), Rawson-Trelew (12,3%) y el Gran Buenos Aires (12,3%).<\/p>\n<p>Nuevamente, el peor \u00edndice est\u00e1 entre las mujeres de hasta 29 a\u00f1os.\u00a0En Mar del Plata, el 28,4% de este segmento est\u00e1 desocupada. Es el peor del pa\u00eds.<\/p>\n<h6>Fuente: Uno<\/h6>\n","protected":false},"excerpt":{"rendered":"<p>Seg\u00fan el Indec, es el grupo concentrado que m\u00e1s se ve castigado por la desocupaci\u00f3n. Le siguen los j\u00f3venes del mismo rango etario<\/p>\n","protected":false},"author":2,"featured_media":91565,"comment_status":"closed","ping_status":"closed","sticky":false,"template":"","format":"standard","meta":{"footnotes":""},"categories":[5],"tags":[10],"class_list":["post-91564","post","type-post","status-publish","format-standard","has-post-thumbnail","hentry","category-informe-economico","tag-santa-fe"],"_links":{"self":[{"href":"http:\/\/argentinamunicipal.com.ar\/argentina\/wp-json\/wp\/v2\/posts\/91564","targetHints":{"allow":["GET"]}}],"collection":[{"href":"http:\/\/argentinamunicipal.com.ar\/argentina\/wp-json\/wp\/v2\/posts"}],"about":[{"href":"http:\/\/argentinamunicipal.com.ar\/argentina\/wp-json\/wp\/v2\/types\/post"}],"author":[{"embeddable":true,"href":"http:\/\/argentinamunicipal.com.ar\/argentina\/wp-json\/wp\/v2\/users\/2"}],"replies":[{"embeddable":true,"href":"http:\/\/argentinamunicipal.com.ar\/argentina\/wp-json\/wp\/v2\/comments?post=91564"}],"version-history":[{"count":0,"href":"http:\/\/argentinamunicipal.com.ar\/argentina\/wp-json\/wp\/v2\/posts\/91564\/revisions"}],"wp:featuredmedia":[{"embeddable":true,"href":"http:\/\/argentinamunicipal.com.ar\/argentina\/wp-json\/wp\/v2\/media\/91565"}],"wp:attachment":[{"href":"http:\/\/argentinamunicipal.com.ar\/argentina\/wp-json\/wp\/v2\/media?parent=91564"}],"wp:term":[{"taxonomy":"category","embeddable":true,"href":"http:\/\/argentinamunicipal.com.ar\/argentina\/wp-json\/wp\/v2\/categories?post=91564"},{"taxonomy":"post_tag","embeddable":true,"href":"http:\/\/argentinamunicipal.com.ar\/argentina\/wp-json\/wp\/v2\/tags?post=91564"}],"curies":[{"name":"wp","href":"https:\/\/api.w.org\/{rel}","templated":true}]}}