{"id":91936,"date":"2019-07-04T07:06:38","date_gmt":"2019-07-04T10:06:38","guid":{"rendered":"http:\/\/argentinamunicipal.com.ar\/argentina\/?p=91936"},"modified":"2019-07-04T07:19:44","modified_gmt":"2019-07-04T10:19:44","slug":"cerro-un-frigorifico-que-habia-reinaugurado-macri-hace-casi-un-ano-300-despidos","status":"publish","type":"post","link":"http:\/\/argentinamunicipal.com.ar\/argentina\/cerro-un-frigorifico-que-habia-reinaugurado-macri-hace-casi-un-ano-300-despidos\/","title":{"rendered":"Posible cierre de un frigor\u00edfico que hab\u00eda reinaugurado Macri hace casi un a\u00f1o: 300 despidos"},"content":{"rendered":"<p>Se trata de una planta ubicada en Carcara\u00f1\u00e1, provincia de Santa Fe. La empresa Mattievich tomo la decisi\u00f3n disgustada por el reparto de la cuota Hilton.<\/p>\n<p>El frigor\u00edfico Mattievich anunci\u00f3 el cierre de una planta ubicada en Carcara\u00f1\u00e1, provincia de Santa Fe, donde trabajan unos 300 empleados, que de este modo quedar\u00e1n en la calle.<\/p>\n<p>El lugar hab\u00eda reabierto sus puertas hace un a\u00f1o, con la presencia\u00a0Mauricio Macriy el entonces ministro\u00a0Luis Etchevehere. El motivo de esta decisi\u00f3n fue la disconformidad de la empresa tras el reparto de la Cuota Hilton. Seg\u00fan se inform\u00f3, recibieron un cupo de exportaci\u00f3n seis veces menor al solicitado.<\/p>\n<p>Casi un a\u00f1o atr\u00e1s, el 6 de julio de 2018,\u00a0el primer mandatario asisit\u00f3 a la ceremonia de reapertura\u00a0del frigor\u00edfico. En ese momento hab\u00eda expresado que le hecho representaba \u201cun d\u00eda de fiesta para la ganader\u00eda\u201d.<\/p>\n<p>Casi un a\u00f1o atr\u00e1s, el 6 de julio de 2018, el primer mandatario asisit\u00f3 a la ceremonia de reapertura del frigor\u00edfico<\/p>\n<p>\u00abCumplimos con la palabra, dijimos que \u00edbamos a permitir exportar carne y que \u00edbamos a quitar las retenciones. Hay m\u00e1s producci\u00f3n, m\u00e1s faena y m\u00e1s consumo\u00bb, fueron entonces las palabras de Macri.<\/p>\n<p>Dos meses m\u00e1s tarde el gobierno nacional decidi\u00f3 reimplantar las retenciones a la exportaci\u00f3n. Por otra parte, el consumo cay\u00f3 un 13% y tuvo el peor registro de los \u00faltimos 9 a\u00f1os, de acuerdo al relevamiento de la C\u00e1mara de la Industria y el Comercio de la Carne.<\/p>\n<p>Para esta reapertura, Mattievich hab\u00eda invertido US$ 5 millones y hab\u00eda contratado a 300 empleados, con una proyecci\u00f3n de faena de 450 cabezas por d\u00eda.\u00a0 La empresa hab\u00eda solicitado 300 toneladas de Cuota Hilton y el Gobierno les asign\u00f3 50. Eso sell\u00f3 la suerte de la planta y de las familias que ahora quedar\u00e1n en la calle.<\/p>\n<h6>Fuente: InfoNews<\/h6>\n","protected":false},"excerpt":{"rendered":"<p>Se trata de una planta ubicada en Carcara\u00f1\u00e1, provincia de Santa Fe. La empresa Mattievich tomo la decisi\u00f3n disgustada por el reparto de la cuota Hilton.<\/p>\n","protected":false},"author":2,"featured_media":91937,"comment_status":"closed","ping_status":"closed","sticky":false,"template":"","format":"standard","meta":{"footnotes":""},"categories":[2],"tags":[10],"class_list":["post-91936","post","type-post","status-publish","format-standard","has-post-thumbnail","hentry","category-informe-municipal","tag-santa-fe"],"_links":{"self":[{"href":"http:\/\/argentinamunicipal.com.ar\/argentina\/wp-json\/wp\/v2\/posts\/91936","targetHints":{"allow":["GET"]}}],"collection":[{"href":"http:\/\/argentinamunicipal.com.ar\/argentina\/wp-json\/wp\/v2\/posts"}],"about":[{"href":"http:\/\/argentinamunicipal.com.ar\/argentina\/wp-json\/wp\/v2\/types\/post"}],"author":[{"embeddable":true,"href":"http:\/\/argentinamunicipal.com.ar\/argentina\/wp-json\/wp\/v2\/users\/2"}],"replies":[{"embeddable":true,"href":"http:\/\/argentinamunicipal.com.ar\/argentina\/wp-json\/wp\/v2\/comments?post=91936"}],"version-history":[{"count":0,"href":"http:\/\/argentinamunicipal.com.ar\/argentina\/wp-json\/wp\/v2\/posts\/91936\/revisions"}],"wp:featuredmedia":[{"embeddable":true,"href":"http:\/\/argentinamunicipal.com.ar\/argentina\/wp-json\/wp\/v2\/media\/91937"}],"wp:attachment":[{"href":"http:\/\/argentinamunicipal.com.ar\/argentina\/wp-json\/wp\/v2\/media?parent=91936"}],"wp:term":[{"taxonomy":"category","embeddable":true,"href":"http:\/\/argentinamunicipal.com.ar\/argentina\/wp-json\/wp\/v2\/categories?post=91936"},{"taxonomy":"post_tag","embeddable":true,"href":"http:\/\/argentinamunicipal.com.ar\/argentina\/wp-json\/wp\/v2\/tags?post=91936"}],"curies":[{"name":"wp","href":"https:\/\/api.w.org\/{rel}","templated":true}]}}