{"id":92034,"date":"2019-07-10T06:10:54","date_gmt":"2019-07-10T09:10:54","guid":{"rendered":"http:\/\/argentinamunicipal.com.ar\/argentina\/?p=92034"},"modified":"2019-07-09T19:14:08","modified_gmt":"2019-07-09T22:14:08","slug":"la-solidaridad-supone-justicia-social","status":"publish","type":"post","link":"http:\/\/argentinamunicipal.com.ar\/argentina\/la-solidaridad-supone-justicia-social\/","title":{"rendered":"La solidaridad supone justicia social"},"content":{"rendered":"<p>La muerte de compatriotas que viv\u00edan en situaci\u00f3n de calle, entre ellos Sergio Zacar\u00edas -\u2013de 52 a\u00f1os&#8211;, en pleno centro de CABA y el boom de la solidaridad de nuestro pueblo, a trav\u00e9s de distintas organizaciones sociales y deportivas, facultades e iglesias son dos realidades que est\u00e1n \u00edntimamente relacionadas.<\/p>\n<p>Si hay algo que generan las pol\u00edticas neoliberales son muerte por un lado, y un crecimiento exponencial de las ONGs que aparecen como la respuesta de la sociedad civil a determinados problemas puntuales de injusticia social. Esto se vio claramente en los \u201990 y hoy la historia se repite. \u00bfPor qu\u00e9 pasa esto? Porque el Estado, que es quien debe generar un marco estructural en donde cada ser humano, desde el momento de nacer, pueda vivir con dignidad, en el neoliberalismo se retira y no lo hace; abandona el ser garant\u00eda de los derechos b\u00e1sicos de lxs ciudadanxs: alimentaci\u00f3n, trabajo, salud, educaci\u00f3n, horizonte de sentido. Es un Estado injusto y asesino.<\/p>\n<p>\u00bfAlcanza con la solidaridad? NO \u00bfEs importante? S\u00cd, es fundamental porque la solidaridad est\u00e1 en estrecha relaci\u00f3n con la justicia, ya que nace del hacerse unx con el dolor de lxs otrxs y de forma individual o colectiva da respuesta a dolores y angustias concretas. La solidaridad es la ternura del pueblo. Pero ninguna organizaci\u00f3n social, por m\u00e1s brillante y comprometida que sea, establece pol\u00edticas p\u00fablicas y decide el rumbo de un pa\u00eds.<\/p>\n<p>La solidaridad supone la justicia social y adquiere plenitud de sentido cuando se sube a los hombros de las pol\u00edticas p\u00fablicas de un Estado presente y activo, y desde all\u00ed articula para potenciar esas pol\u00edticas.<\/p>\n<p>Este aumento del voluntariado es una buena noticia porque indica que hay una respuesta de solidaridad ante la indiferencia y el ego\u00edsmo que nos propone este sistema. Pero en este caso no lo es totalmente porque nos muestra con crudeza la ausencia del Estado; porque esto implica que cada vez hay m\u00e1s necesidad, m\u00e1s injusticia, m\u00e1s hambre, m\u00e1s exclusi\u00f3n y muerte.<\/p>\n<p>Sergio Zacar\u00edas y nuestros otros cuatro compatriotas murieron de fr\u00edo como consecuencia de que el Estado no les garantiz\u00f3 lo b\u00e1sico para la vida, pero tambi\u00e9n porque la solidaridad de la sociedad no se lleg\u00f3 en esos hechos concretos.<\/p>\n<p>Un pa\u00eds distinto es aquel en donde la justicia social y la solidaridad se dan la mano, en donde las organizaciones sociales son un brazo del Estado y no su reemplazante, donde la idea de que \u201cel otro y la otra soy yo\u201d es un horizonte de sentido, una pr\u00e1ctica de vida y no una frase declamada y vac\u00eda.<\/p>\n<p>El pr\u00f3jimo es \u201caquel que tiene necesidad de m\u00ed\u201d. Hoy hay argentinxs concretxs que tienen necesidad de nuestra solidaridad. Pero hay un pa\u00eds entero que tiene necesidad de un Estado presente que garantice la vida.<\/p>\n<p>Por eso hay que decirle \u00a1BASTA! a este neoliberalismo excluyente y asesino.<\/p>\n<p>Por\u00a0Antonio Fenoy<\/p>\n<p>Coordinador del Colectivo de Teolog\u00eda de la Liberaci\u00f3n \u201cPichi Meisegeier\u201d<\/p>\n<h6>Fuente: P\u00e1gina 12<\/h6>\n","protected":false},"excerpt":{"rendered":"<p>La muerte de compatriotas que viv\u00edan en situaci\u00f3n de calle en pleno centro de CABA y el boom de la solidaridad de nuestro pueblo, a trav\u00e9s de distintas organizaciones sociales y deportivas, facultades e iglesias son dos realidades que est\u00e1n \u00edntimamente relacionadas.<\/p>\n","protected":false},"author":2,"featured_media":92035,"comment_status":"closed","ping_status":"closed","sticky":false,"template":"","format":"standard","meta":{"footnotes":""},"categories":[6],"tags":[21],"class_list":["post-92034","post","type-post","status-publish","format-standard","has-post-thumbnail","hentry","category-opiniones","tag-argentina"],"_links":{"self":[{"href":"http:\/\/argentinamunicipal.com.ar\/argentina\/wp-json\/wp\/v2\/posts\/92034","targetHints":{"allow":["GET"]}}],"collection":[{"href":"http:\/\/argentinamunicipal.com.ar\/argentina\/wp-json\/wp\/v2\/posts"}],"about":[{"href":"http:\/\/argentinamunicipal.com.ar\/argentina\/wp-json\/wp\/v2\/types\/post"}],"author":[{"embeddable":true,"href":"http:\/\/argentinamunicipal.com.ar\/argentina\/wp-json\/wp\/v2\/users\/2"}],"replies":[{"embeddable":true,"href":"http:\/\/argentinamunicipal.com.ar\/argentina\/wp-json\/wp\/v2\/comments?post=92034"}],"version-history":[{"count":0,"href":"http:\/\/argentinamunicipal.com.ar\/argentina\/wp-json\/wp\/v2\/posts\/92034\/revisions"}],"wp:featuredmedia":[{"embeddable":true,"href":"http:\/\/argentinamunicipal.com.ar\/argentina\/wp-json\/wp\/v2\/media\/92035"}],"wp:attachment":[{"href":"http:\/\/argentinamunicipal.com.ar\/argentina\/wp-json\/wp\/v2\/media?parent=92034"}],"wp:term":[{"taxonomy":"category","embeddable":true,"href":"http:\/\/argentinamunicipal.com.ar\/argentina\/wp-json\/wp\/v2\/categories?post=92034"},{"taxonomy":"post_tag","embeddable":true,"href":"http:\/\/argentinamunicipal.com.ar\/argentina\/wp-json\/wp\/v2\/tags?post=92034"}],"curies":[{"name":"wp","href":"https:\/\/api.w.org\/{rel}","templated":true}]}}