{"id":92061,"date":"2019-07-10T05:55:21","date_gmt":"2019-07-10T08:55:21","guid":{"rendered":"http:\/\/argentinamunicipal.com.ar\/argentina\/?p=92061"},"modified":"2019-07-09T20:06:58","modified_gmt":"2019-07-09T23:06:58","slug":"dos-frigorificos-santafesinos-podrian-cerrar-y-dejar-500-trabajadores-en-la-calle","status":"publish","type":"post","link":"http:\/\/argentinamunicipal.com.ar\/argentina\/dos-frigorificos-santafesinos-podrian-cerrar-y-dejar-500-trabajadores-en-la-calle\/","title":{"rendered":"Dos frigor\u00edficos santafesinos podr\u00edan cerrar y dejar 500 trabajadores en la calle"},"content":{"rendered":"<p>Al menos dos plantas frigor\u00edficas santafesinas podr\u00edan cerrar sus puertas de no mediar la intervenci\u00f3n del gobierno nacional en la nueva asignaci\u00f3n de la cuota Hilton<\/p>\n<p>Al menos dos plantas frigor\u00edficas santafesinas podr\u00edan cerrar sus puertas y dejar sin empleo a unos 500 empleados, de no mediar la intervenci\u00f3n del gobierno nacional en la nueva asignaci\u00f3n de la cuota Hilton.<\/p>\n<p>Se trata del frigor\u00edfico Swift Minerva en Venado Tuerto, cuya reapertura se hab\u00eda producido el lunes 3 de junio despu\u00e9s de permanecer cerrada desde enero de 2012, y ahora, luego de este anuncio, dejar\u00eda a sus 200 trabajadores en la calle. Al parecer se le estar\u00eda otorgando una cantidad mucho menor de la prometida y estar\u00eda poniendo en riesgo la continuidad del establecimiento c\u00e1rnico cuando apenas pas\u00f3 un mes de su reapertura.\u00a0La problem\u00e1tica es similar a la del frigor\u00edfico Mattievich de Carcara\u00f1a que tambi\u00e9n podr\u00eda dejar en la calle a sus 300 operarios.<\/p>\n<p>Esa planta fue reinaugurada por el propio presidente Mauricio Macri el a\u00f1o pasado y hoy est\u00e1 con serias dificultades para seguir funcionando de no mediar una respuesta.<\/p>\n<p>La cuota Hilton es un cupo de exportaci\u00f3n de carne vacuna de alta calidad y valor que la Uni\u00f3n Europea otorga al resto de las naciones para introducir productos en su mercado.El origen de la cuota se remonta al a\u00f1o 1979, durante la llamada Ronda de Tokio, una rueda de negocios organizada por la cadena de Hoteles Hilton, de ah\u00ed el nombre. En ese evento varios pa\u00edses se quejaron ante los representantes europeos por las crecientes exigencias para el ingreso a sus mercados de los productos agropecuarios. Por tal motivo se acord\u00f3 que Europa asignar\u00eda un cupo anual de ingreso de carne vacuna a los pa\u00edses extracomunitarios. La carne debe ser de primer nivel.<\/p>\n<p>Las provincias de Buenos Aires y Santa Fe son las m\u00e1s beneficiadas con esa asignaci\u00f3n. \u00abLa provincia con mayor hacienda y faena del pa\u00eds es Buenos Aires, con una participaci\u00f3n en el total nacional del 35 por ciento y 51 por ciento, respectivamente. Le siguen Santa Fe (11 por ciento y 17 por ciento) y C\u00f3rdoba (9 por ciento y 8 por ciento)\u00bb.<\/p>\n<p>El titular del gremio de la carne del departamento General L\u00f3pez, Cristhian Crudelli, dijo sobre la situaci\u00f3n que \u00abse lo vendi\u00f3 como una reapertura pero no es el t\u00e9rmino correcto\u00bb.<\/p>\n<p>El empresario oriundo de Casilda, Jos\u00e9 Mattievich, dijo que debido a la nueva distribuci\u00f3n de las 29.500 toneladas de cuota Hilton que decidi\u00f3 el gobierno nacional podr\u00eda cerrar su planta en Carcara\u00f1a, distante unos 25 kil\u00f3metros de Casilda. El grupo brasile\u00f1o Minerva Foods piensa lo mismo con respecto a la planta recientemente reabierta de Venado Tuerto. Al parecer la promesa era de 300 toneladas de Cuota Hilton asignada a cada establecimiento c\u00e1rnico y apenas obtuvieron 50.<\/p>\n<p>En un breve contacto con la prensa porte\u00f1a b\u00e1sicamente, el secretario general del Sindicato de la Carne, Alberto Fantini, dijo que los representantes de la firma Mattievich y la de Venado Tuerto le comunicaron que \u00absi no le dan algo de la cuota prometida, cerrar\u00e1n. En este momento hay aproximadamente 200 trabajadores y me dicen desde la empresa que no son las expectativas que ten\u00edamos todos\u00bb.<\/p>\n<p>El frigor\u00edfico venadense ocup\u00f3 en esta primera etapa a 127 operarios para la actividad denominada \u00abcorte a hueso\u00bb, lo que posibilitar\u00e1 ir poniendo la planta en condiciones.Luego, a mediados de junio, ingresaron otros 30 operarios y ahora son casi 200 los ocupados por la firma. Fantini, insisti\u00f3 que los propietarios de la planta venadense estar\u00edan evaluando frenar la inversi\u00f3n para evitar perjuicios posteriores.<\/p>\n<h6>Fuente: Uno Santa Fe<\/h6>\n","protected":false},"excerpt":{"rendered":"<p>Al menos dos plantas frigor\u00edficas santafesinas podr\u00edan cerrar sus puertas de no mediar la intervenci\u00f3n del gobierno nacional en la nueva asignaci\u00f3n de la cuota Hilton<\/p>\n","protected":false},"author":2,"featured_media":92062,"comment_status":"closed","ping_status":"closed","sticky":false,"template":"","format":"standard","meta":{"footnotes":""},"categories":[2],"tags":[10],"class_list":["post-92061","post","type-post","status-publish","format-standard","has-post-thumbnail","hentry","category-informe-municipal","tag-santa-fe"],"_links":{"self":[{"href":"http:\/\/argentinamunicipal.com.ar\/argentina\/wp-json\/wp\/v2\/posts\/92061","targetHints":{"allow":["GET"]}}],"collection":[{"href":"http:\/\/argentinamunicipal.com.ar\/argentina\/wp-json\/wp\/v2\/posts"}],"about":[{"href":"http:\/\/argentinamunicipal.com.ar\/argentina\/wp-json\/wp\/v2\/types\/post"}],"author":[{"embeddable":true,"href":"http:\/\/argentinamunicipal.com.ar\/argentina\/wp-json\/wp\/v2\/users\/2"}],"replies":[{"embeddable":true,"href":"http:\/\/argentinamunicipal.com.ar\/argentina\/wp-json\/wp\/v2\/comments?post=92061"}],"version-history":[{"count":0,"href":"http:\/\/argentinamunicipal.com.ar\/argentina\/wp-json\/wp\/v2\/posts\/92061\/revisions"}],"wp:featuredmedia":[{"embeddable":true,"href":"http:\/\/argentinamunicipal.com.ar\/argentina\/wp-json\/wp\/v2\/media\/92062"}],"wp:attachment":[{"href":"http:\/\/argentinamunicipal.com.ar\/argentina\/wp-json\/wp\/v2\/media?parent=92061"}],"wp:term":[{"taxonomy":"category","embeddable":true,"href":"http:\/\/argentinamunicipal.com.ar\/argentina\/wp-json\/wp\/v2\/categories?post=92061"},{"taxonomy":"post_tag","embeddable":true,"href":"http:\/\/argentinamunicipal.com.ar\/argentina\/wp-json\/wp\/v2\/tags?post=92061"}],"curies":[{"name":"wp","href":"https:\/\/api.w.org\/{rel}","templated":true}]}}