{"id":92064,"date":"2019-07-10T06:30:05","date_gmt":"2019-07-10T09:30:05","guid":{"rendered":"http:\/\/argentinamunicipal.com.ar\/argentina\/?p=92064"},"modified":"2019-07-09T20:15:28","modified_gmt":"2019-07-09T23:15:28","slug":"la-iglesia-rosarina-alerta-sobre-un-incremento-bastante-notable-en-el-pedido-de-ayuda-alimentaria","status":"publish","type":"post","link":"http:\/\/argentinamunicipal.com.ar\/argentina\/la-iglesia-rosarina-alerta-sobre-un-incremento-bastante-notable-en-el-pedido-de-ayuda-alimentaria\/","title":{"rendered":"La Iglesia rosarina alerta sobre un incremento \u00abbastante notable\u00bb en el pedido de ayuda alimentaria"},"content":{"rendered":"<p>El vicario general del Arzobispado, Emilio Cardarelli, se\u00f1al\u00f3 que el pedido de alimentos en los barrios m\u00e1s carenciados de Rosario ascendi\u00f3 entre un 25 y 30 por ciento. Llam\u00f3 al di\u00e1logo de la clase pol\u00edtica para buscar una soluci\u00f3n.<\/p>\n<p>El vicario general del Arzobispado de Rosario, Emilio Cardarelli, asegur\u00f3 que hubo un \u00abincremento bastante notable\u00bb en el pedido de alimentos por parte de los sectores m\u00e1s humildes de la ciudad, que oscila entre el 25 y 30 por ciento.<\/p>\n<p>Para ello, solicit\u00f3 pol\u00edticas de Estado que puedan revertir esta situaci\u00f3n, al tiempo que llam\u00f3 al di\u00e1logo a la clase pol\u00edtica para tratar de llegar a un acuerdo. \u00abHay mucha solidaridad, pero s\u00f3lo son medidas paliativas que no solucionan la cuesti\u00f3n de fondo\u00bb, le indic\u00f3 a\u00a0La Capital.<\/p>\n<p>La ola de fr\u00edo que comenz\u00f3 a registrarse en los \u00faltimos d\u00edas puso de manifiesto la situaci\u00f3n cr\u00edtica que atraviesa un amplio sector de la poblaci\u00f3n, ya sea a la hora de tener un plato de comida en la mesa o poder refugiarse de las bajas temperaturas.<\/p>\n<p>Es por eso que\u00a0la intendenta M\u00f3nica Fein se reuni\u00f3 ayer con las organizaciones sociales y civiles\u00a0para coordinar los operativos a fin de evitar que siga muriendo gente en situaci\u00f3n de calle, como el caso ocurrido con un indigente en una plaza lindera a la Terminal de Omnibus.<\/p>\n<p>\u00abHay un incremento bastante notable de solicitud de alimentos, que ronda entre el 25 y 30 por ciento, de acuerdo al voluntariado que realizan nuestras comunidades cristianas\u00bb, precis\u00f3 Cardarelli a\u00a0La Capital, para precisar que ese porcentaje \u00abse observa, en general, en los barrios m\u00e1s humildes, donde se ve con mayor medida de la ayuda de nuestras C\u00e1ritas parroquiales\u00bb.<\/p>\n<p>&gt;&gt;Leer m\u00e1s:\u00a0La Iglesia local le reclama a la Naci\u00f3n que incremente la ayuda alimentaria<\/p>\n<p>No obstante, el integrante de la Pastoral Social local destac\u00f3 que la ola de fr\u00edo y la necesidad de alimentos activ\u00f3 \u00abuna gran muestra de solidaridad en las calles, con gente que colabora y se suma a la ayuda de alimentos secos de personas como del Estado\u00bb.<\/p>\n<p>Sin embargo, el vicario hizo un llamado de atenci\u00f3n a la clase pol\u00edtica para desarrollar pol\u00edticas de Estado que puedan revertir la situaci\u00f3n econ\u00f3mica y social. \u00abNecesitamos que nuestros dirigentes pol\u00edticos se puedan sentar en una mesa a dialogar para trabajar en esta situaci\u00f3n, ya que la solidaridad no solucionar\u00e1 el problema de fondo\u00bb, apunt\u00f3.<\/p>\n<h6>Fuente: La Capital<\/h6>\n","protected":false},"excerpt":{"rendered":"<p>El vicario general del Arzobispado, Emilio Cardarelli, se\u00f1al\u00f3 que el pedido de alimentos en los barrios m\u00e1s carenciados de Rosario ascendi\u00f3 entre un 25 y 30 por ciento.<\/p>\n","protected":false},"author":2,"featured_media":92065,"comment_status":"closed","ping_status":"closed","sticky":false,"template":"","format":"standard","meta":{"footnotes":""},"categories":[2],"tags":[10],"class_list":["post-92064","post","type-post","status-publish","format-standard","has-post-thumbnail","hentry","category-informe-municipal","tag-santa-fe"],"_links":{"self":[{"href":"http:\/\/argentinamunicipal.com.ar\/argentina\/wp-json\/wp\/v2\/posts\/92064","targetHints":{"allow":["GET"]}}],"collection":[{"href":"http:\/\/argentinamunicipal.com.ar\/argentina\/wp-json\/wp\/v2\/posts"}],"about":[{"href":"http:\/\/argentinamunicipal.com.ar\/argentina\/wp-json\/wp\/v2\/types\/post"}],"author":[{"embeddable":true,"href":"http:\/\/argentinamunicipal.com.ar\/argentina\/wp-json\/wp\/v2\/users\/2"}],"replies":[{"embeddable":true,"href":"http:\/\/argentinamunicipal.com.ar\/argentina\/wp-json\/wp\/v2\/comments?post=92064"}],"version-history":[{"count":0,"href":"http:\/\/argentinamunicipal.com.ar\/argentina\/wp-json\/wp\/v2\/posts\/92064\/revisions"}],"wp:featuredmedia":[{"embeddable":true,"href":"http:\/\/argentinamunicipal.com.ar\/argentina\/wp-json\/wp\/v2\/media\/92065"}],"wp:attachment":[{"href":"http:\/\/argentinamunicipal.com.ar\/argentina\/wp-json\/wp\/v2\/media?parent=92064"}],"wp:term":[{"taxonomy":"category","embeddable":true,"href":"http:\/\/argentinamunicipal.com.ar\/argentina\/wp-json\/wp\/v2\/categories?post=92064"},{"taxonomy":"post_tag","embeddable":true,"href":"http:\/\/argentinamunicipal.com.ar\/argentina\/wp-json\/wp\/v2\/tags?post=92064"}],"curies":[{"name":"wp","href":"https:\/\/api.w.org\/{rel}","templated":true}]}}