{"id":92123,"date":"2019-07-11T06:11:20","date_gmt":"2019-07-11T09:11:20","guid":{"rendered":"http:\/\/argentinamunicipal.com.ar\/argentina\/?p=92123"},"modified":"2019-07-10T20:13:28","modified_gmt":"2019-07-10T23:13:28","slug":"rosario-advierten-que-el-cierre-de-locales-comerciales-crecio-un-15-por-ciento-en-el-ultimo-ano","status":"publish","type":"post","link":"http:\/\/argentinamunicipal.com.ar\/argentina\/rosario-advierten-que-el-cierre-de-locales-comerciales-crecio-un-15-por-ciento-en-el-ultimo-ano\/","title":{"rendered":"Rosario: Advierten que \u00abel cierre de locales comerciales creci\u00f3 un 15 por ciento en el \u00faltimo a\u00f1o\u00bb"},"content":{"rendered":"<p>El abogado de la Multisectorial contra los tarifazos, Juan Alcaraz, admiti\u00f3 que la situaci\u00f3n \u00abtiende a empeorar\u00bb por la ca\u00edda del consumo y la imposibilidad de afrontar las boletas de luz. gas y agua.<\/p>\n<p>El abogado de la Multisectorial contra los tarifazos, Juan Alcaraz, denunci\u00f3 un incremento del 15 por ciento en el \u00faltimo a\u00f1o en la cantidad de locales comerciales que han cerrado y que, en su mayor\u00eda, entran en alquiler y pronostic\u00f3 que \u00abseg\u00fan nuestras estimaciones la situaci\u00f3n ir\u00e1 empeorando\u00bb.<\/p>\n<p>En di\u00e1logo con\u00a0La Capital, Alcaraz comenz\u00f3 a desmenuzar la situaci\u00f3n de los locales comerciales que cierran: \u00abEl a\u00f1o pasado para esta temporada realizamos un relevamiento en el centro de la cantidad de negocios que hab\u00edan cerrado y de locales que, por ende, quedaban en alquiler. En ese mismo sector hoy avizoramos que hay un 15 por ciento m\u00e1s de locales cerrados\u00bb.<\/p>\n<p>\u00abEl tema de cierre de comercios no se da solamente en el centro sino en los espacios comerciales, en las grandes avenidas. Si uno camina puede ver que por cuadra hay dos o tres locales en alquiler\u00bb, ampli\u00f3 el integrante de la Multisectorial.<\/p>\n<p>Alcaraz hizo luego un an\u00e1lisis de los tarifazos en las boletas de luz, gas y agua, clave en en la situaci\u00f3n econ\u00f3mica del sector comercial: \u00abLo principal de los tarifazos hoy es que empresas como la EPE o Litoral Gas proceden a realizar cortes de servicios tanto en comercios como a residenciales\u00bb y agreg\u00f3 que la situaci\u00f3n se agrav\u00f3 con la ca\u00edda de una medida cautelar dictada por el juez federal de Dolores Alejo Ramos Padilla, que imped\u00eda a las distribuidoras efectuar cortes de servicio de gas y retiros de medidores por falta de pago, si previamente no permit\u00eda a los consumidores demostrar su vulnerabilidad social.<\/p>\n<p>\u00abLo que nosotros avizoramos es que la situaci\u00f3n va a seguir empeorando. No hay ning\u00fan accionar p\u00fablico, ni de parte del estado provincial o nacional, que demuestre que busquen una soluci\u00f3n a esto. Por el contrario. Los precios de los alquileres, los tarifazos, la cantidad de desocupados, todo provoca la ca\u00edda del consumo y la recesi\u00f3n que se va produciendo\u00bb, destac\u00f3 Alcaraz.<\/p>\n<p>Al referirse a la situaci\u00f3n de los comerciantes destac\u00f3: \u00abEn un primer momento utilizaron sus ahorros, despu\u00e9s empezaron a solicitar cr\u00e9ditos y a endeudarse. Ahora ya perdieron la capacidad de endeudamiento. Sacar un cr\u00e9dito es totalmente imposible por los altos intereses que est\u00e1n cobrando. Y si uno va a las empresa de servicios, como Litoral Gas, les piden un anticipo del 50 por ciento de la deuda y el resto lo financia en tres o seis cuotas. Llega un momento en que se forma una bola de nieve y as\u00ed muchos terminan trabajando a ganancia cero\u00bb.<\/p>\n<h6>Fuente: La Capital<\/h6>\n","protected":false},"excerpt":{"rendered":"<p>El abogado de la Multisectorial contra los tarifazos, Juan Alcaraz, admiti\u00f3 que la situaci\u00f3n \u00abtiende a empeorar\u00bb por la ca\u00edda del consumo y la imposibilidad de afrontar las boletas de luz. gas y agua.<\/p>\n","protected":false},"author":2,"featured_media":92124,"comment_status":"closed","ping_status":"closed","sticky":false,"template":"","format":"standard","meta":{"footnotes":""},"categories":[5],"tags":[10],"class_list":["post-92123","post","type-post","status-publish","format-standard","has-post-thumbnail","hentry","category-informe-economico","tag-santa-fe"],"_links":{"self":[{"href":"http:\/\/argentinamunicipal.com.ar\/argentina\/wp-json\/wp\/v2\/posts\/92123","targetHints":{"allow":["GET"]}}],"collection":[{"href":"http:\/\/argentinamunicipal.com.ar\/argentina\/wp-json\/wp\/v2\/posts"}],"about":[{"href":"http:\/\/argentinamunicipal.com.ar\/argentina\/wp-json\/wp\/v2\/types\/post"}],"author":[{"embeddable":true,"href":"http:\/\/argentinamunicipal.com.ar\/argentina\/wp-json\/wp\/v2\/users\/2"}],"replies":[{"embeddable":true,"href":"http:\/\/argentinamunicipal.com.ar\/argentina\/wp-json\/wp\/v2\/comments?post=92123"}],"version-history":[{"count":0,"href":"http:\/\/argentinamunicipal.com.ar\/argentina\/wp-json\/wp\/v2\/posts\/92123\/revisions"}],"wp:featuredmedia":[{"embeddable":true,"href":"http:\/\/argentinamunicipal.com.ar\/argentina\/wp-json\/wp\/v2\/media\/92124"}],"wp:attachment":[{"href":"http:\/\/argentinamunicipal.com.ar\/argentina\/wp-json\/wp\/v2\/media?parent=92123"}],"wp:term":[{"taxonomy":"category","embeddable":true,"href":"http:\/\/argentinamunicipal.com.ar\/argentina\/wp-json\/wp\/v2\/categories?post=92123"},{"taxonomy":"post_tag","embeddable":true,"href":"http:\/\/argentinamunicipal.com.ar\/argentina\/wp-json\/wp\/v2\/tags?post=92123"}],"curies":[{"name":"wp","href":"https:\/\/api.w.org\/{rel}","templated":true}]}}