{"id":92142,"date":"2019-07-11T06:00:54","date_gmt":"2019-07-11T09:00:54","guid":{"rendered":"http:\/\/argentinamunicipal.com.ar\/argentina\/?p=92142"},"modified":"2019-07-11T07:32:49","modified_gmt":"2019-07-11T10:32:49","slug":"en-rosario-la-venta-callejera-subio-250-por-ciento","status":"publish","type":"post","link":"http:\/\/argentinamunicipal.com.ar\/argentina\/en-rosario-la-venta-callejera-subio-250-por-ciento\/","title":{"rendered":"\u00abEn Rosario la venta callejera subi\u00f3 250 por ciento\u00bb"},"content":{"rendered":"<p>El gremio de Vendedores Ambulantes de Rosario (Sivara) afirm\u00f3 que la venta informal creci\u00f3 un 250 por ciento y solicit\u00f3 una reuni\u00f3n con el intendente electo Pablo Javkin para ampliar las 700 habilitaciones y llevarlas a unos 2.500 permisos.<\/p>\n<p>El gremio de Vendedores Ambulantes de Rosario (Sivara) afirm\u00f3 que la venta informal creci\u00f3 un 250 por ciento y solicit\u00f3 una reuni\u00f3n con el intendente electo Pablo Javkin para ampliar las 700 habilitaciones y llevarlas a unos 2.500 permisos.<\/p>\n<p>El gremio que conduce el cantante de cumbia mel\u00f3dica Alberto Ribadero, conocido como Beto Riba, propuso regular la venta m\u00f3vil y denunci\u00f3 que varias ferias organizadas por la Municipalidad est\u00e1n \u00aben situaci\u00f3n precaria, no se cumplen normas de seguridad y leyes laborales, con feriantes que entran en categor\u00eda de monotributo\u00bb.<\/p>\n<p>Entre las iniciativas para ordenar las ferias existe un proyecto del edil justicialista Eduardo Toniolli que prev\u00e9 la regulaci\u00f3n por parte del municipio con la formaci\u00f3n de una comisi\u00f3n de feriantes, horarios, est\u00e9tica, limpieza, sanitarios, ordenamiento de veh\u00edculos, mientras que los feriantes que manipulen alimentos deben tener los permisos del Instituto del Alimento<\/p>\n<h6>Fuente: La Capital<\/h6>\n","protected":false},"excerpt":{"rendered":"<p>El gremio de Vendedores Ambulantes de Rosario (Sivara) afirm\u00f3 que la venta informal creci\u00f3 un 250 por ciento y solicit\u00f3 una reuni\u00f3n con el intendente electo Pablo Javkin para ampliar las 700 habilitaciones y llevarlas a unos 2.500 permisos.<\/p>\n","protected":false},"author":2,"featured_media":92143,"comment_status":"closed","ping_status":"closed","sticky":false,"template":"","format":"standard","meta":{"footnotes":""},"categories":[2],"tags":[10],"class_list":["post-92142","post","type-post","status-publish","format-standard","has-post-thumbnail","hentry","category-informe-municipal","tag-santa-fe"],"_links":{"self":[{"href":"http:\/\/argentinamunicipal.com.ar\/argentina\/wp-json\/wp\/v2\/posts\/92142","targetHints":{"allow":["GET"]}}],"collection":[{"href":"http:\/\/argentinamunicipal.com.ar\/argentina\/wp-json\/wp\/v2\/posts"}],"about":[{"href":"http:\/\/argentinamunicipal.com.ar\/argentina\/wp-json\/wp\/v2\/types\/post"}],"author":[{"embeddable":true,"href":"http:\/\/argentinamunicipal.com.ar\/argentina\/wp-json\/wp\/v2\/users\/2"}],"replies":[{"embeddable":true,"href":"http:\/\/argentinamunicipal.com.ar\/argentina\/wp-json\/wp\/v2\/comments?post=92142"}],"version-history":[{"count":0,"href":"http:\/\/argentinamunicipal.com.ar\/argentina\/wp-json\/wp\/v2\/posts\/92142\/revisions"}],"wp:featuredmedia":[{"embeddable":true,"href":"http:\/\/argentinamunicipal.com.ar\/argentina\/wp-json\/wp\/v2\/media\/92143"}],"wp:attachment":[{"href":"http:\/\/argentinamunicipal.com.ar\/argentina\/wp-json\/wp\/v2\/media?parent=92142"}],"wp:term":[{"taxonomy":"category","embeddable":true,"href":"http:\/\/argentinamunicipal.com.ar\/argentina\/wp-json\/wp\/v2\/categories?post=92142"},{"taxonomy":"post_tag","embeddable":true,"href":"http:\/\/argentinamunicipal.com.ar\/argentina\/wp-json\/wp\/v2\/tags?post=92142"}],"curies":[{"name":"wp","href":"https:\/\/api.w.org\/{rel}","templated":true}]}}