{"id":92251,"date":"2019-07-15T07:33:34","date_gmt":"2019-07-15T10:33:34","guid":{"rendered":"http:\/\/argentinamunicipal.com.ar\/argentina\/?p=92251"},"modified":"2019-07-15T07:33:34","modified_gmt":"2019-07-15T10:33:34","slug":"festram-santa-fe-encuentro-de-los-pueblos-por-la-integracion-regional","status":"publish","type":"post","link":"http:\/\/argentinamunicipal.com.ar\/argentina\/festram-santa-fe-encuentro-de-los-pueblos-por-la-integracion-regional\/","title":{"rendered":"Festram Santa Fe: Encuentro \u00abde los pueblos\u00bb por la integraci\u00f3n regional"},"content":{"rendered":"<p>La Federaci\u00f3n de Sindicatos Municipales de la provincia de Santa Fe (Festram) ser\u00e1 sede en su Complejo Institucional ubicado en avenida Freyre 1634, el pr\u00f3ximo martes 16 de julio, de la Cumbre de los Pueblos por la Integraci\u00f3n Regional, que sesionar\u00e1 bajo la consigna \u201cJuntos somos inconquistables. Por un Mercosur solidario y participativo\u201d.<\/p>\n<p>La convocatoria lanzada desde el Movimiento Obrero Santafesino con el apoyo de la Corriente Federal de Trabajadores, la CTA de los Trabajadores, la CTA Aut\u00f3noma, movimientos sociales, organizaciones de pymes, cooperativas, instituciones intermedias, de base y comunitarias ha superado las expectativas y se espera un intenso trabajo en los paneles y en los plenarios.<\/p>\n<p>Los cuatro primeros de ellos, abordar\u00e1n problem\u00e1ticas referidas al Trabajo y la Producci\u00f3n, al funcionamiento del propio Mercosur, al contexto econ\u00f3mico internacional y su impacto en nuestros pa\u00edses y pueblos, a los Derechos y Resistencias de las propias organizaciones. Asimismo un panel con invitados extranjeros -donde sobresalen los uruguayos Fernando Gambera, Secretario General de la Coordinadora de Centrales Sindicales del Cono Sur- y Daniel Caggiani, Presidente del Parlasur y un cierre con dirigentes sindicales y parlamentarios mercosureanos permitir\u00e1 abordar, todo en clave regional, la realidad desde distintas perspectivas y experiencias.<\/p>\n<p>Estar\u00e1n presentes tambi\u00e9n: el ex canciller y parlamentario del Mercosur Jorge Taiana, los legisladores mercosureanos Julia Peri\u00e9, Cecilia Brito, Oscar Laborde y Diego Mansilla; los dirigentes nacionales de la Corriente Federal de Trabajadores H\u00e9ctor Amichetti (Gr\u00e1ficos), la tambi\u00e9n diputada nacional Vanesa Siley (Judiciales), Claudio Leoni (Festram), Carlos Minucci (Apsee) y Carlos Ortega (Secacfpi).<\/p>\n<p>Por su parte la CTA de los Trabajadores estar\u00e1 representada por Hugo Yasky, Sonia Alesso, Roberto Baradel y Estela D\u00edaz. Formar\u00e1n parte de los paneles a su vez, el m\u00e9dico sanitarista Jorge Rachid, el Padre Paco Olveira, la licenciada Mariana V\u00e1zquez, el secretario general de la Ctep Esteban Castro, Carlos Raimundi, Sof\u00eda De N\u00edcolo, Bruno Capra (pymes), entre otras referencias nacionales.<\/p>\n<p><strong>\u201cNo es contra-cumbre\u201d<\/strong><\/p>\n<p>La apertura contar\u00e1 con la presencia de dirigentes locales de la CTA de los Trabajadores, CGT, CTA Aut\u00f3noma, Festram, Apyme y de los movimientos sociales santafesinos.<\/p>\n<p>Claudio Leoni, secretario General de Festram, manifest\u00f3 que \u201ca esta actividad, que tiene un enorme nivel de representatividad, con tem\u00e1ticas centrales para un abordaje profundo de la realidad regional, que busca articularse para enfrentar las pol\u00edticas neoliberales que est\u00e1n destruyendo el trabajo y la producci\u00f3n de nuestro pa\u00eds y naciones lim\u00edtrofes, preferimos no llamarlas contra-cumbre.<\/p>\n<p>\u201cNo nos oponemos por oponernos. Creemos firmemente que el cierre de f\u00e1bricas, el desempleo masivo, la precariedad laboral, los pibes sin vacunas, miles durmiendo en la calle, tienen responsables y pol\u00edticas dirigidas a que el capital financiero, un n\u00famero reducido de empresas y grandes grupos econ\u00f3micos concentrados internacionales se queden con el esfuerzo de millones de argentinos y habitantes del Mercosur. Macri y Bolsonaro, expresan, precisamente ese proyecto\u201d, a\u00f1adi\u00f3.<\/p>\n<p>\u201cEl movimiento obrero argentino es un ejemplo de lucha a trav\u00e9s de los a\u00f1os para frenar los ajustes y su nivel de organizaci\u00f3n no ha permitido que hagan territorio arrasado en lo econ\u00f3mico, lo pol\u00edtico y lo social. Desde esta perspectiva abordamos el encuentro que se desarrollar\u00e1 en nuestro complejo institucional\u201d, complet\u00f3 Leoni.<\/p>\n<h6>Fuente: El Litoral<\/h6>\n","protected":false},"excerpt":{"rendered":"<p>La Federaci\u00f3n de Sindicatos Municipales de la provincia de Santa Fe (Festram) ser\u00e1 sede en su Complejo Institucional el pr\u00f3ximo martes 16 de julio, de la Cumbre de los Pueblos por la Integraci\u00f3n Regional, que sesionar\u00e1 bajo la consigna \u201cJuntos somos inconquistables.<\/p>\n","protected":false},"author":2,"featured_media":92252,"comment_status":"closed","ping_status":"closed","sticky":false,"template":"","format":"standard","meta":{"footnotes":""},"categories":[7],"tags":[10],"class_list":["post-92251","post","type-post","status-publish","format-standard","has-post-thumbnail","hentry","category-informe-sindical","tag-santa-fe"],"_links":{"self":[{"href":"http:\/\/argentinamunicipal.com.ar\/argentina\/wp-json\/wp\/v2\/posts\/92251","targetHints":{"allow":["GET"]}}],"collection":[{"href":"http:\/\/argentinamunicipal.com.ar\/argentina\/wp-json\/wp\/v2\/posts"}],"about":[{"href":"http:\/\/argentinamunicipal.com.ar\/argentina\/wp-json\/wp\/v2\/types\/post"}],"author":[{"embeddable":true,"href":"http:\/\/argentinamunicipal.com.ar\/argentina\/wp-json\/wp\/v2\/users\/2"}],"replies":[{"embeddable":true,"href":"http:\/\/argentinamunicipal.com.ar\/argentina\/wp-json\/wp\/v2\/comments?post=92251"}],"version-history":[{"count":0,"href":"http:\/\/argentinamunicipal.com.ar\/argentina\/wp-json\/wp\/v2\/posts\/92251\/revisions"}],"wp:featuredmedia":[{"embeddable":true,"href":"http:\/\/argentinamunicipal.com.ar\/argentina\/wp-json\/wp\/v2\/media\/92252"}],"wp:attachment":[{"href":"http:\/\/argentinamunicipal.com.ar\/argentina\/wp-json\/wp\/v2\/media?parent=92251"}],"wp:term":[{"taxonomy":"category","embeddable":true,"href":"http:\/\/argentinamunicipal.com.ar\/argentina\/wp-json\/wp\/v2\/categories?post=92251"},{"taxonomy":"post_tag","embeddable":true,"href":"http:\/\/argentinamunicipal.com.ar\/argentina\/wp-json\/wp\/v2\/tags?post=92251"}],"curies":[{"name":"wp","href":"https:\/\/api.w.org\/{rel}","templated":true}]}}