{"id":92330,"date":"2019-07-17T20:26:46","date_gmt":"2019-07-17T23:26:46","guid":{"rendered":"http:\/\/argentinamunicipal.com.ar\/argentina\/?p=92330"},"modified":"2019-07-17T20:26:46","modified_gmt":"2019-07-17T23:26:46","slug":"santa-fe-se-realizo-la-cumbre-de-los-pueblos-por-la-integracion-regional","status":"publish","type":"post","link":"http:\/\/argentinamunicipal.com.ar\/argentina\/santa-fe-se-realizo-la-cumbre-de-los-pueblos-por-la-integracion-regional\/","title":{"rendered":"Santa Fe: Se realiz\u00f3 la Cumbre de los Pueblos por la Integraci\u00f3n regional"},"content":{"rendered":"<p>La \u201cCumbre de los Pueblos\u201d tuvo su lugar en la sede de Festram. Se denunci\u00f3 el silencio previo en las tratativas del acuerdo con la Uni\u00f3n Europea, y las caracter\u00edsticas que el mismo contiene.<\/p>\n<p>Mientras en las adyacencias de la Estaci\u00f3n Belgrano un gran despliegue policial cubri\u00f3 la llegada progresiva de los cancilleres y Jefes de Estado. La \u201cCumbre de los pueblos por la integraci\u00f3n regional\u201d no tuvo m\u00e1s que un par de camionetas y agentes de seguridad apostados en la entrada de la sede de Festram.<\/p>\n<p>Finalmente, a la \u201ccontracumbre\u201d no arrib\u00f3 ning\u00fan mandatario latinoamericano. S\u00ed cont\u00f3 con la participaci\u00f3n de parlamentarios del Mercosur, legisladores nacionales, dirigentes de movimientos sindicales, y representantes de cooperativas, mutuales y Pymes de la regi\u00f3n y el pa\u00eds.<\/p>\n<p>El encuentro organizado por el Movimiento Obrero Santafesino cont\u00f3 con diversos paneles por la ma\u00f1ana y por la tarde. Tuvo un acompa\u00f1amiento m\u00e1s de mil inscriptos, seg\u00fan calcularon las autoridades. All\u00ed, en una conferencia de prensa conjunta, la palabra m\u00e1s mencionada fue \u201csecretismo\u201d, seguida de \u201creprimarizaci\u00f3n\u201d y \u201cequilibrio\u201d. La primera se sostuvo como denuncia p\u00fablica del modo en que fue elaborado el recientemente anunciado preacuerdo de libre comercio con la Uni\u00f3n Europea. La segunda y la tercera como objetivos de lo que se pretende y por lo que se insistir\u00e1.<\/p>\n<h6>Fuente: Sin Mordaza<\/h6>\n","protected":false},"excerpt":{"rendered":"<p>La \u201cCumbre de los Pueblos\u201d tuvo su lugar en la sede de Festram. Se denunci\u00f3 el silencio previo en las tratativas del acuerdo con la Uni\u00f3n Europea, y las caracter\u00edsticas que el mismo contiene.<\/p>\n","protected":false},"author":2,"featured_media":92331,"comment_status":"closed","ping_status":"closed","sticky":false,"template":"","format":"standard","meta":{"footnotes":""},"categories":[2,7],"tags":[10],"class_list":["post-92330","post","type-post","status-publish","format-standard","has-post-thumbnail","hentry","category-informe-municipal","category-informe-sindical","tag-santa-fe"],"_links":{"self":[{"href":"http:\/\/argentinamunicipal.com.ar\/argentina\/wp-json\/wp\/v2\/posts\/92330","targetHints":{"allow":["GET"]}}],"collection":[{"href":"http:\/\/argentinamunicipal.com.ar\/argentina\/wp-json\/wp\/v2\/posts"}],"about":[{"href":"http:\/\/argentinamunicipal.com.ar\/argentina\/wp-json\/wp\/v2\/types\/post"}],"author":[{"embeddable":true,"href":"http:\/\/argentinamunicipal.com.ar\/argentina\/wp-json\/wp\/v2\/users\/2"}],"replies":[{"embeddable":true,"href":"http:\/\/argentinamunicipal.com.ar\/argentina\/wp-json\/wp\/v2\/comments?post=92330"}],"version-history":[{"count":0,"href":"http:\/\/argentinamunicipal.com.ar\/argentina\/wp-json\/wp\/v2\/posts\/92330\/revisions"}],"wp:featuredmedia":[{"embeddable":true,"href":"http:\/\/argentinamunicipal.com.ar\/argentina\/wp-json\/wp\/v2\/media\/92331"}],"wp:attachment":[{"href":"http:\/\/argentinamunicipal.com.ar\/argentina\/wp-json\/wp\/v2\/media?parent=92330"}],"wp:term":[{"taxonomy":"category","embeddable":true,"href":"http:\/\/argentinamunicipal.com.ar\/argentina\/wp-json\/wp\/v2\/categories?post=92330"},{"taxonomy":"post_tag","embeddable":true,"href":"http:\/\/argentinamunicipal.com.ar\/argentina\/wp-json\/wp\/v2\/tags?post=92330"}],"curies":[{"name":"wp","href":"https:\/\/api.w.org\/{rel}","templated":true}]}}