{"id":92403,"date":"2019-07-19T06:25:20","date_gmt":"2019-07-19T09:25:20","guid":{"rendered":"http:\/\/argentinamunicipal.com.ar\/argentina\/?p=92403"},"modified":"2019-07-18T20:13:22","modified_gmt":"2019-07-18T23:13:22","slug":"la-demanda-alimentaria-sigue-en-aumento-en-rosario","status":"publish","type":"post","link":"http:\/\/argentinamunicipal.com.ar\/argentina\/la-demanda-alimentaria-sigue-en-aumento-en-rosario\/","title":{"rendered":"La demanda alimentaria sigue en aumento en Rosario"},"content":{"rendered":"<p>El ministro de Desarrollo Social, Jorge Alvarez, responsabiliz\u00f3 a Naci\u00f3n por la situaci\u00f3n.<br \/>\nLa demanda alimentaria viene en aumento sostenido desde hace tiempo. En los barrios, en los comedores escolares, en los espacios comunitarios, ya sean del Estado o de organizaciones sociales. No hay quien no se\u00f1ale que hay familias que piden ayuda para poder satisfacer la b\u00e1sica necesidad de alimentarse. La Iglesia habl\u00f3 en las \u00faltimas horas de un incremento de un 30 por ciento y el ministro de Desarrollo Social de Santa Fe, Jorge Alvarez, ratific\u00f3 ayer que la asistencia en el territorio santafesino \u201cno ha cesado y es mayor mes a mes\u201d, y responsabiliz\u00f3 a la Naci\u00f3n por \u201cno enviar m\u00e1s fondos\u201d para paliar la situaci\u00f3n.<\/p>\n<p>\u201cEl incremento no ha cesado, ha ido aumentando y nuestra tarea es seguir acompa\u00f1ando desde el Estado, junto a municipios y comunas. En cuanto a las iglesias, hemos reforzado la transferencia en recursos, con C\u00e1ritas, con centros de d\u00eda de parroquias, vamos haciendo el acompa\u00f1amiento que requiere la sociedad; pero hay una situaci\u00f3n de fondo: la macroecon\u00f3mica nacional\u201d, indic\u00f3 en declaraciones radiales.<\/p>\n<p>Alvarez dijo que a la demanda alimentaria se vienen sumando sectores de clases media o media baja. \u201cLo vemos en los centros de d\u00eda y en los de acci\u00f3n familiar. No s\u00f3lo los pedidos son de parte de los chicos, sino especialmente en las personas mayores hay mayor demanda\u201d, detall\u00f3.<\/p>\n<p>Consider\u00f3 que \u201chay gente que ha perdido su trabajo informal, o que ha disminuido sus ingresos y as\u00ed la demanda de ayuda del Estado es mayor\u201d.<\/p>\n<p>En relaci\u00f3n al pedido de incremento de asistencia que gira el gobierno nacional, destac\u00f3: \u201cNo hemos tenido respuestas positivas. Desde junio de 2016 no tenemos aumento de transferencia por parte de Naci\u00f3n. Nos aumentaron s\u00f3lo un 10 por ciento el a\u00f1o pasado. El gran aporte lo estamos haciendo desde la provincia y en coordinaci\u00f3n con municipios y comunas\u201d, indic\u00f3.<\/p>\n<h6>Fuente: Sin Mordaza<\/h6>\n","protected":false},"excerpt":{"rendered":"<p>La demanda alimentaria viene en aumento sostenido desde hace tiempo. En los barrios, en los comedores escolares, en los espacios comunitarios, ya sean del Estado o de organizaciones sociales.<\/p>\n","protected":false},"author":2,"featured_media":92404,"comment_status":"closed","ping_status":"closed","sticky":false,"template":"","format":"standard","meta":{"footnotes":""},"categories":[2],"tags":[10],"class_list":["post-92403","post","type-post","status-publish","format-standard","has-post-thumbnail","hentry","category-informe-municipal","tag-santa-fe"],"_links":{"self":[{"href":"http:\/\/argentinamunicipal.com.ar\/argentina\/wp-json\/wp\/v2\/posts\/92403","targetHints":{"allow":["GET"]}}],"collection":[{"href":"http:\/\/argentinamunicipal.com.ar\/argentina\/wp-json\/wp\/v2\/posts"}],"about":[{"href":"http:\/\/argentinamunicipal.com.ar\/argentina\/wp-json\/wp\/v2\/types\/post"}],"author":[{"embeddable":true,"href":"http:\/\/argentinamunicipal.com.ar\/argentina\/wp-json\/wp\/v2\/users\/2"}],"replies":[{"embeddable":true,"href":"http:\/\/argentinamunicipal.com.ar\/argentina\/wp-json\/wp\/v2\/comments?post=92403"}],"version-history":[{"count":0,"href":"http:\/\/argentinamunicipal.com.ar\/argentina\/wp-json\/wp\/v2\/posts\/92403\/revisions"}],"wp:featuredmedia":[{"embeddable":true,"href":"http:\/\/argentinamunicipal.com.ar\/argentina\/wp-json\/wp\/v2\/media\/92404"}],"wp:attachment":[{"href":"http:\/\/argentinamunicipal.com.ar\/argentina\/wp-json\/wp\/v2\/media?parent=92403"}],"wp:term":[{"taxonomy":"category","embeddable":true,"href":"http:\/\/argentinamunicipal.com.ar\/argentina\/wp-json\/wp\/v2\/categories?post=92403"},{"taxonomy":"post_tag","embeddable":true,"href":"http:\/\/argentinamunicipal.com.ar\/argentina\/wp-json\/wp\/v2\/tags?post=92403"}],"curies":[{"name":"wp","href":"https:\/\/api.w.org\/{rel}","templated":true}]}}