{"id":92476,"date":"2019-07-22T07:34:20","date_gmt":"2019-07-22T10:34:20","guid":{"rendered":"http:\/\/argentinamunicipal.com.ar\/argentina\/?p=92476"},"modified":"2019-07-22T07:34:20","modified_gmt":"2019-07-22T10:34:20","slug":"en-un-ano-aumentaron-un-35-cuanto-sale-alquilar-en-santa-fe","status":"publish","type":"post","link":"http:\/\/argentinamunicipal.com.ar\/argentina\/en-un-ano-aumentaron-un-35-cuanto-sale-alquilar-en-santa-fe\/","title":{"rendered":"En un a\u00f1o, aumentaron un 35%: \u00bfcu\u00e1nto sale alquilar en Santa Fe?"},"content":{"rendered":"<p>Desde el sector inmobiliario aseguran que es uno de los rubros que menos \u00abha aumentado en el \u00faltimo a\u00f1o\u00bb. La crisis y la falta de cr\u00e9ditos para la compra de vivienda generan que la demanda \u00absiga siendo sostenida\u00bb<\/p>\n<p>Un informe de la Federaci\u00f3n Inmobiliaria de la Rep\u00fablica Argentina da detalles sobre los incrementos interanuales que registra el mercado de alquileres y cu\u00e1les son los valores de los departamentos o inmuebles.<\/p>\n<p>En di\u00e1logo con\u00a0UNO en la Radio, el\u00a0presidente de la C\u00e1mara de Corredores Inmobiliarios de Santa Fe, Walter Govone\u00a0se\u00f1al\u00f3 que \u00aben Santa Fe\u00a0los incrementos rondan (en un a\u00f1o) entre un 30 y un 35 por ciento\u00bb.<\/p>\n<p>Para el referente del sector, se trata de una suba lejana en relaci\u00f3n \u00aba otros sectores\u00bb, y record\u00f3 los n\u00fameros publicados por el Indec, que \u00abestableci\u00f3 un 57 por ciento de inflaci\u00f3n\u00bb.<\/p>\n<p>Govone se\u00f1al\u00f3 que el valor de los alquileres\u00a0es \u00abuno de los datos de la realidad que menos ha aumentado en el \u00faltimo a\u00f1o\u00bb. Igualmente, reconoci\u00f3: \u00abEso no significa que impacte y que le cueste a la familia pagar el alquiler\u00bb.<\/p>\n<p>\u00abLa demanda de alquileres sigue siendo sostenida.\u00a0Siempre en \u00e9pocas de crisis, cuando la familia no puede tener el acceso a una vivienda propia, tiene que alquilar. En estos momentos hay demanda de alquileres\u00bb, sostuvo.<\/p>\n<p><strong>Alquilar en Santa Fe<\/strong><\/p>\n<p>Como es tradicional, un alquiler en la zona conocida popularmente como \u201centre bulevares\u201d tiene un costo mayor que al resto de la ciudad y es, al mismo tiempo, el lugar preferido por muchos inquilinos.<\/p>\n<p>A partir de un relevamiento realizado por\u00a0UNO Santa Fe\u00a0en portales de diferentes\u00a0inmobiliarias\u00a0de la ciudad,\u00a0se refleja una gran variaci\u00f3n en los precios.<\/p>\n<p>Los valores van a depender fundamentalmente del lugar, de los servicios con los que cuenta y los a\u00f1os del inmueble.\u00a0As\u00ed,\u00a0un departamento en el centro\u00a0de la ciudad,\u00a0con dos dormitorios y todos los servicios tiene un valor promedio de 12 mil pesos.<\/p>\n<p>Un valor similar se puede encontrar en una zona muy solicitada y que ha crecido mucho en los \u00faltimos a\u00f1os como es barrio\u00a0Candioti.\u00a0A medida que la b\u00fasqueda se aleja del centro, los costos pueden disminuir\u00a0y se pueden encontrar viviendas, de similares caracter\u00edsticas, a 10 mil pesos e incluso un poco menos.<\/p>\n<p>En tanto,\u00a0una vivienda m\u00e1s chica, de un dormitorio (tambi\u00e9n con todos los servicios) puede valer en el centro un promedio de 9.500 pesos por mes\u00a0y en el norte de la ciudad unos 8.000 pesos. En tanto,\u00a0un monoambiente\u00a0en la zona de \u00abentre bulevares\u00bb puede costar\u00a0entre 7.000 y 8.000 mil pesos.<\/p>\n<p>Cabe aclarar que\u00a0a esos costos mencionados es necesario sumarle los gastos administrativos\u00a0que podr\u00eda generar el tr\u00e1mite de alquiler a trav\u00e9s de una inmobiliaria;\u00a0como as\u00ed tambi\u00e9n los gastos mensuales que genera vivir en un edificio, como pueden ser las expensas.<\/p>\n<p>Govone resalt\u00f3 que el estudio realizado por la Federaci\u00f3n Inmobiliaria revel\u00f3 que en el caso \u00abde un grupo familiar, compuesto por dos personas que est\u00e1n trabajando y tienen un sueldo de\u00a0comercio, el pago del alquiler representa m\u00e1s o menos entre un 20 y un 25 por ciento del ingreso familiar\u00bb.<\/p>\n<p>En relaci\u00f3n a la oferta y demanda de alquileres, coment\u00f3: \u00abLo que la familia hace es reubicarse. A lo mejor antes viv\u00edan en un lugar de la ciudad con un determinado alquiler y ahora, por una cuesti\u00f3n econ\u00f3mica, busca otro sectores de la ciudad con alquileres un poco m\u00e1s accesibles\u00bb.<\/p>\n<p>Sin embargo, destac\u00f3 que \u00abgeneralmente se buscan viviendas que tengan los servicios m\u00e1s importantes como luz, agua, cloaca, asfalto. Tambi\u00e9n que el valor del alquiler est\u00e9 relacionado con los ingresos que tiene el grupo familiar y la cercan\u00eda a las actividades que desarrolla la familia porque despu\u00e9s eso tambi\u00e9n representa un costo; no solamente en tiempo, sino en dinero\u00bb.<\/p>\n<h6>Fuente: Uno<\/h6>\n","protected":false},"excerpt":{"rendered":"<p>Desde el sector inmobiliario aseguran que es uno de los rubros que menos \u00abha aumentado en el \u00faltimo a\u00f1o\u00bb. La crisis y la falta de cr\u00e9ditos para la compra de vivienda generan que la demanda \u00absiga siendo sostenida\u00bb<\/p>\n","protected":false},"author":2,"featured_media":92477,"comment_status":"closed","ping_status":"closed","sticky":false,"template":"","format":"standard","meta":{"footnotes":""},"categories":[5],"tags":[10],"class_list":["post-92476","post","type-post","status-publish","format-standard","has-post-thumbnail","hentry","category-informe-economico","tag-santa-fe"],"_links":{"self":[{"href":"http:\/\/argentinamunicipal.com.ar\/argentina\/wp-json\/wp\/v2\/posts\/92476","targetHints":{"allow":["GET"]}}],"collection":[{"href":"http:\/\/argentinamunicipal.com.ar\/argentina\/wp-json\/wp\/v2\/posts"}],"about":[{"href":"http:\/\/argentinamunicipal.com.ar\/argentina\/wp-json\/wp\/v2\/types\/post"}],"author":[{"embeddable":true,"href":"http:\/\/argentinamunicipal.com.ar\/argentina\/wp-json\/wp\/v2\/users\/2"}],"replies":[{"embeddable":true,"href":"http:\/\/argentinamunicipal.com.ar\/argentina\/wp-json\/wp\/v2\/comments?post=92476"}],"version-history":[{"count":0,"href":"http:\/\/argentinamunicipal.com.ar\/argentina\/wp-json\/wp\/v2\/posts\/92476\/revisions"}],"wp:featuredmedia":[{"embeddable":true,"href":"http:\/\/argentinamunicipal.com.ar\/argentina\/wp-json\/wp\/v2\/media\/92477"}],"wp:attachment":[{"href":"http:\/\/argentinamunicipal.com.ar\/argentina\/wp-json\/wp\/v2\/media?parent=92476"}],"wp:term":[{"taxonomy":"category","embeddable":true,"href":"http:\/\/argentinamunicipal.com.ar\/argentina\/wp-json\/wp\/v2\/categories?post=92476"},{"taxonomy":"post_tag","embeddable":true,"href":"http:\/\/argentinamunicipal.com.ar\/argentina\/wp-json\/wp\/v2\/tags?post=92476"}],"curies":[{"name":"wp","href":"https:\/\/api.w.org\/{rel}","templated":true}]}}