{"id":9255,"date":"2014-06-09T09:51:53","date_gmt":"2014-06-09T12:51:53","guid":{"rendered":"http:\/\/argentinamunicipal.com.ar\/argentina\/?p=9255"},"modified":"2014-06-09T09:51:53","modified_gmt":"2014-06-09T12:51:53","slug":"aseguran-que-en-jujuy-no-existe-una-politica-de-inclusion-para-las-personas-en-situacion-de-calle","status":"publish","type":"post","link":"http:\/\/argentinamunicipal.com.ar\/argentina\/aseguran-que-en-jujuy-no-existe-una-politica-de-inclusion-para-las-personas-en-situacion-de-calle\/","title":{"rendered":"Aseguran que en Jujuy no existe una pol\u00edtica de inclusi\u00f3n para las personas en situaci\u00f3n de calle"},"content":{"rendered":"<p><a href=\"http:\/\/argentinamunicipal.com.ar\/argentina\/wp-content\/uploads\/2014\/06\/el-drama-de-los-sin-techo-1510078h430.jpg\"><img loading=\"lazy\" decoding=\"async\" class=\"aligncenter size-full wp-image-9256\" src=\"http:\/\/argentinamunicipal.com.ar\/argentina\/wp-content\/uploads\/2014\/06\/el-drama-de-los-sin-techo-1510078h430.jpg\" alt=\"el-drama-de-los-sin-techo-1510078h430\" width=\"645\" height=\"430\" srcset=\"http:\/\/argentinamunicipal.com.ar\/argentina\/wp-content\/uploads\/2014\/06\/el-drama-de-los-sin-techo-1510078h430.jpg 645w, http:\/\/argentinamunicipal.com.ar\/argentina\/wp-content\/uploads\/2014\/06\/el-drama-de-los-sin-techo-1510078h430-300x200.jpg 300w\" sizes=\"auto, (max-width: 645px) 100vw, 645px\" \/><\/a><br \/>\nEn una entrevista con nuestro medio, Mart\u00edn Haracic, integrante y voluntario de la \u201cFundaci\u00f3n SI\u201d en Jujuy, se refiri\u00f3 a la situaci\u00f3n y cantidad de personas que se encuentran en situaci\u00f3n de calle, principalmente en San Salvador de Jujuy, se\u00f1alando que en un importante porcentaje de estas personas est\u00e1n as\u00ed como consecuencia de adicciones como el alcoholismo.<\/p>\n<p>Adem\u00e1s aseguro que falta y es una necesidad que desde el gobierno de la provincia se tomen pol\u00edticas de inclusi\u00f3n para con estas personas que viven y est\u00e1n en las calles de nuestra ciudad.<\/p>\n<p>La Fundaci\u00f3n SI, es una fundaci\u00f3n que se encuentra realizando sus trabajos desde hace un par de meses en la provincia. Sus voluntarios tienen una funci\u00f3n social y el objetivo de acompa\u00f1ar a las personas en situaci\u00f3n de calle y poder incluirlos nuevamente a nuestra sociedad, la que muchas veces les dio la espalada.<\/p>\n<p>Los voluntarios realizan tres recorridas nocturnas por semanas, en las cuales buscan y acompa\u00f1an a los hombres en situaci\u00f3n de calle, brind\u00e1ndoles un plato de comida y ropa, principalmente en v\u00edsperas de la llegada del invierno en nuestra provincia.<\/p>\n<p>En relaci\u00f3n a la realidad con la que se encuentran cada noche en nuestra capital, Mart\u00edn Haracic manifest\u00f3 que \u201csi bien en la noche hay de todo, nos topamos con gente en situaci\u00f3n de calle, en la actualidad encontramos alrededor de 30 a 40 personas, hombres de entre 35 a 40 a\u00f1os de edad, y lo m\u00e1s duro y la m\u00e1s com\u00fan son hombres que tiene su adicci\u00f3n al alcohol, est\u00e1 tambi\u00e9n presente el tema de las drogas y un bajo porcentaje de personas que tienen problemas con la familia, que son espor\u00e1dicos, ya que solucionan el conflicto y vuelven a su hogar\u201d<\/p>\n<p>Nuestro medio consult\u00f3 si en sus salidas han encontrado familias y ni\u00f1os en situaci\u00f3n de calle, Haracic mencion\u00f3 que \u201cno encontramos familias pero si chicos, adolescentes, que est\u00e1n as\u00ed por problemas con los padres y van a dormir a la calle, est\u00e1n unos d\u00edas. Hablamos con ellos para que recapaciten y tratamos de conv\u00e9rselos para que vuelvan a sus hogares\u201d.<\/p>\n<p>En relaci\u00f3n a las razones que expresan estas personas para estar en situaci\u00f3n de calle, coment\u00f3 que \u201csi bien no tratamos de de abordar la problem\u00e1tica espec\u00edficamente o bombarde\u00e1ndolos de porqu\u00e9s, tratamos de generan un v\u00ednculo, una amistad para que ellos vayan contando sus problemas. El plato de comida es una excusa para poder llegar y que nos cuenten\u201d<\/p>\n<p>Agreg\u00f3 que \u201cla mayor\u00eda de los problemas que tienen estas personas son problem\u00e1ticas con el alcohol, dir\u00eda en un 70 % de los casos, lo que genera problema con la familia y de ah\u00ed los motivos que los llevan a perder a su familia, sus cosas, y terminen en esta situaci\u00f3n. Los problemas laborales no llevan a que la gente termine en esta situaci\u00f3n, sino son otros motivos, entre ellos el alcohol y las drogas\u201d<\/p>\n<p>JUJUY AL D\u00cdA\u00ae consult\u00f3 al integrante de la Fundaci\u00f3n SI, si considera que el gobierno provincial ha invisivilizado a estas personas, Mart\u00edn Haracic sostuvo que \u201cgracias a Dios en la actualidad se est\u00e1 llevando adelante un programa a trav\u00e9s del Ministerio de Desarrollo Social con el Hogar Guillermon para buscar y llevarlos a ese lugar por el tema del frio, pero antes nunca se abarc\u00f3 el problema, en realidad hacen la vista para otro lado en estas cuestiones\u201d.<\/p>\n<p>En este sentido asegur\u00f3 \u201cno hay un programa de inclusi\u00f3n para esta gente, si bien te hablo de personas ubicadas en un sector especifico de la capital, ya que no abarcamos todos los barrios, por lo que calculamos que debe haber m\u00e1s en estas situaciones. No hay programas para llevar adelante y abarcar esta problem\u00e1tica, y es una l\u00e1stima porque realmente es gente que hay que acompa\u00f1ar y por tener problemas de adiciones, tanto de alcohol como drogas, se tiene que tratar con profesionales y es lo que no se hace\u201d.<\/p>\n<p>\u201cEs lamentable, la verdad es preocupante esto. Se tendr\u00edan que generar pol\u00edticas de inclusi\u00f3n para los hombres en situaci\u00f3n de calle. Nosotros desde nuestro lado y de lo poco que podemos hacer, porque es poco lo que hacemos en el sentido de que tendr\u00edan que generase soluciones para esta gente que est\u00e1 en situaci\u00f3n de calle que es gente muy buena y que puede dar mucho de s\u00ed\u201d.<\/p>\n<p>Para finalizar, Mart\u00edn Haracic, mencion\u00f3 los lugares y d\u00edas de concentraci\u00f3n de sus salidas nocturnas y las donaciones que puede hacer la ciudadan\u00eda para ayudar a estas personas en situaci\u00f3n de calle, expres\u00f3 \u201cinvitamos a todos a sumarse, nosotros nos juntamos los martes, jueves y s\u00e1bados a las 21:30 horas en Sarmiento y San Mart\u00edn, sobre Plaza Belgrano, los martes y jueves vamos a darles sopas que nos mandan de Buenos Aires y los s\u00e1bados les cocinamos a estas personas. Cualquier donaci\u00f3n ser\u00e1 bienvenida, todo sirve, pero ahora que se acerca el invierno pueden acercarnos frazadas, ropa de abrigo y calzados, alimentos no perecederos, lo que puedan ofrecer ser\u00e1 bienvenido\u201d.<\/p>\n<p>Indic\u00f3 a los juje\u00f1os solidarios, que ante cualquier informaci\u00f3n y donaci\u00f3n que quieran realizar, pueden dirigirse al 0388- 155006125, o al e-mail jujuy@fundacionsi.org.ar, o tambi\u00e9n a trav\u00e9s del perfil del Facebook, que es Fundaci\u00f3n SI Jujuy.<\/p>\n<h6>Fuente: Jujuy al D\u00eda<\/h6>\n","protected":false},"excerpt":{"rendered":"<p>En una entrevista con nuestro medio, Mart\u00edn Haracic, integrante y voluntario de la \u201cFundaci\u00f3n SI\u201d en Jujuy, se refiri\u00f3 a la situaci\u00f3n y cantidad de personas que se encuentran en situaci\u00f3n de calle, principalmente en San Salvador de Jujuy, se\u00f1alando que en un importante porcentaje de estas personas est\u00e1n as\u00ed como consecuencia de adicciones como<\/p>\n","protected":false},"author":2,"featured_media":9256,"comment_status":"closed","ping_status":"closed","sticky":false,"template":"","format":"standard","meta":{"footnotes":""},"categories":[2],"tags":[25],"class_list":["post-9255","post","type-post","status-publish","format-standard","has-post-thumbnail","hentry","category-informe-municipal","tag-jujuy"],"_links":{"self":[{"href":"http:\/\/argentinamunicipal.com.ar\/argentina\/wp-json\/wp\/v2\/posts\/9255","targetHints":{"allow":["GET"]}}],"collection":[{"href":"http:\/\/argentinamunicipal.com.ar\/argentina\/wp-json\/wp\/v2\/posts"}],"about":[{"href":"http:\/\/argentinamunicipal.com.ar\/argentina\/wp-json\/wp\/v2\/types\/post"}],"author":[{"embeddable":true,"href":"http:\/\/argentinamunicipal.com.ar\/argentina\/wp-json\/wp\/v2\/users\/2"}],"replies":[{"embeddable":true,"href":"http:\/\/argentinamunicipal.com.ar\/argentina\/wp-json\/wp\/v2\/comments?post=9255"}],"version-history":[{"count":0,"href":"http:\/\/argentinamunicipal.com.ar\/argentina\/wp-json\/wp\/v2\/posts\/9255\/revisions"}],"wp:featuredmedia":[{"embeddable":true,"href":"http:\/\/argentinamunicipal.com.ar\/argentina\/wp-json\/wp\/v2\/media\/9256"}],"wp:attachment":[{"href":"http:\/\/argentinamunicipal.com.ar\/argentina\/wp-json\/wp\/v2\/media?parent=9255"}],"wp:term":[{"taxonomy":"category","embeddable":true,"href":"http:\/\/argentinamunicipal.com.ar\/argentina\/wp-json\/wp\/v2\/categories?post=9255"},{"taxonomy":"post_tag","embeddable":true,"href":"http:\/\/argentinamunicipal.com.ar\/argentina\/wp-json\/wp\/v2\/tags?post=9255"}],"curies":[{"name":"wp","href":"https:\/\/api.w.org\/{rel}","templated":true}]}}