{"id":92560,"date":"2019-07-24T06:00:35","date_gmt":"2019-07-24T09:00:35","guid":{"rendered":"http:\/\/argentinamunicipal.com.ar\/argentina\/?p=92560"},"modified":"2019-07-23T19:59:06","modified_gmt":"2019-07-23T22:59:06","slug":"en-el-gran-santa-fe-son-casi-15-mil-los-ni-ni-ni-estudian-ni-trabajan","status":"publish","type":"post","link":"http:\/\/argentinamunicipal.com.ar\/argentina\/en-el-gran-santa-fe-son-casi-15-mil-los-ni-ni-ni-estudian-ni-trabajan\/","title":{"rendered":"\u00abEn el gran Santa Fe son casi 15 mil los ni-ni (ni estudian ni trabajan)\u00bb"},"content":{"rendered":"<p>Lo afirm\u00f3 Pablo Land\u00f3, referente del Centro Cultural y Deportivo \u00abNi un pibe menos por la droga\u00bb. Fue cr\u00edtico del Servicio C\u00edvico Voluntario, medida impulsada por la Naci\u00f3n<\/p>\n<p>En septiembre comenzar\u00e1 la prueba piloto del mencionado Servicio C\u00edvico Voluntario, un programa del gobierno nacional destinado a j\u00f3venes de entre 16 y 20 a\u00f1os que ni estudian, ni trabajan (los conocidos como ni-ni). A una semana de publicaci\u00f3n, la iniciativa contin\u00faa generando pol\u00e9mica.<\/p>\n<p>Pablo Land\u00f3, referente del Centro Cultural y Deportivo \u00abNi un pibe menos por la droga\u00bb (que este viernes cumplir\u00e1 dos a\u00f1os de vida), coment\u00f3 que\u00a0en el gran\u00a0Santa Fe\u00a0son casi 15 mil los j\u00f3venes ni-ni.\u00a0En tanto, subray\u00f3 que en\u00a0a nivel nacional hay cerca de 1.200.000 j\u00f3venes de entre 15 a 24 a\u00f1os \u00abque est\u00e1n absolutamente excluidos del sistema educativo y laboral\u00bb.<\/p>\n<p>La pol\u00e9mica no est\u00e1 dada por los objetivos que se plantea, sino por el \u00abc\u00f3mo\u00bb se pretende alcanzarlos. Si bien todos est\u00e1n favor de buscarle una salida a los \u00abni-ni\u00bb, brindando capacitaci\u00f3n y formaci\u00f3n en oficios,\u00a0la controversia est\u00e1 dada por quienes en principio estar\u00e1n a cargo del servicio: personal de las fuerzas, Gendarmer\u00eda espec\u00edficamente.<\/p>\n<p>El excandidato a concejal por la ciudad de Santa Fe fue cr\u00edtico de la medida nacional. Advirti\u00f3 que no \u00abalcanza a dar una soluci\u00f3n real\u00bb ya que el problema es m\u00e1s grande; critic\u00f3 el hecho de que Gendarmer\u00eda est\u00e9 al frente del programa y pidi\u00f3 soluciones m\u00e1s profundas e interdisciplinarias.<\/p>\n<p>En di\u00e1logo con UNO en la Radio se\u00f1al\u00f3 que la iniciativa \u00abest\u00e1 rodeada de desaciertos en relaci\u00f3n a la mirada interdisciplinaria que requiere la problem\u00e1tica de los j\u00f3venes\u00bb, y agreg\u00f3: \u00abLa medida del servicio c\u00edvico voluntario abarcar\u00eda, si bien ser\u00e1 una cuesti\u00f3n de etapas, a 1200 j\u00f3venes. No impacta en la magnitud de la problem\u00e1tica.\u00a0Por lo tanto, independientemente de la opini\u00f3n que se tenga del gobierno, uno lo que concluye es que tiene que ver con una maniobra distractiva\u00bb.<\/p>\n<p>Afirm\u00f3 que el programa \u00abno tiene el presupuesto\u00bb necesario y que \u00aba \u00faltimo momento debieron incorporar a otros ministerios, como Educaci\u00f3n, porque le llovieron las cr\u00edticas\u00bb. En relaci\u00f3n a la decisi\u00f3n de poner a\u00a0Gendarmer\u00eda\u00a0como referente y responsable del programa apunt\u00f3: \u00abEs una fuerza cuestionada y est\u00e1 lejos de cumplir esa su funci\u00f3n\u00bb.<\/p>\n<p>El dirigente social destac\u00f3 que \u00abcomparte con la mayor\u00eda de la poblaci\u00f3n la enorme preocupaci\u00f3n por esta problem\u00e1tica\u00bb y que lo primero que le exigir\u00eda al Estado para abordar el problema de los \u00abni-ni\u00bb es la asignaci\u00f3n de un presupuesto espec\u00edfico.<\/p>\n<p>\u00abNo encuentro ning\u00fan elemento para poder entusiasmarse\u00bb, se\u00f1al\u00f3 en relaci\u00f3n al programa, y consider\u00f3 que tiene una mirada un tanto \u00abelectoralista\u00bb.<\/p>\n<p>Consultado Land\u00f3 sobre c\u00f3mo se puede sacar a los j\u00f3venes de ese escenario vulnerable en el que se encuentran, destac\u00f3: \u00abLo que realmente se necesita es una pol\u00edtica de estado de inclusi\u00f3n social. Se necesita una\u00a0mayor intervenci\u00f3n presupuestaria en educaci\u00f3n, salud, empleo, con la prevenci\u00f3n de adicciones; con mayor intervenci\u00f3n en los barrios en donde la violencia ha crecido\u00bb.<\/p>\n<p>\u00abHay que pensar en estrategias preventivas, lo que tiene que ver con espacios educativos, culturales, deportivos, recreativos. El estado se tiene que acercar a las instituciones, ONG que hacen este trabajo, m\u00e1s cerca de los docentes. Y sobre todo el estado tiene que intervenir con la obra p\u00fablica, llevando lo mejor de las condiciones de vida en las barriadas mas olvidadas\u00bb, destac\u00f3 Land\u00f3.<\/p>\n<p>Por \u00faltimo subray\u00f3 como medida fundamental pensar \u00aben la\u00a0generaci\u00f3n de empleo. No hay forma de construir un proyecto de vida, planificar, desarrollarse, si no est\u00e1 la perspectiva del empleo para poder sostenerse\u00bb.<\/p>\n<h6>Fuente: Uno<\/h6>\n","protected":false},"excerpt":{"rendered":"<p>Lo afirm\u00f3 Pablo Land\u00f3, referente del Centro Cultural y Deportivo \u00abNi un pibe menos por la droga\u00bb. Fue cr\u00edtico del Servicio C\u00edvico Voluntario, medida impulsada por la Naci\u00f3n<\/p>\n","protected":false},"author":2,"featured_media":92561,"comment_status":"closed","ping_status":"closed","sticky":false,"template":"","format":"standard","meta":{"footnotes":""},"categories":[2],"tags":[10],"class_list":["post-92560","post","type-post","status-publish","format-standard","has-post-thumbnail","hentry","category-informe-municipal","tag-santa-fe"],"_links":{"self":[{"href":"http:\/\/argentinamunicipal.com.ar\/argentina\/wp-json\/wp\/v2\/posts\/92560","targetHints":{"allow":["GET"]}}],"collection":[{"href":"http:\/\/argentinamunicipal.com.ar\/argentina\/wp-json\/wp\/v2\/posts"}],"about":[{"href":"http:\/\/argentinamunicipal.com.ar\/argentina\/wp-json\/wp\/v2\/types\/post"}],"author":[{"embeddable":true,"href":"http:\/\/argentinamunicipal.com.ar\/argentina\/wp-json\/wp\/v2\/users\/2"}],"replies":[{"embeddable":true,"href":"http:\/\/argentinamunicipal.com.ar\/argentina\/wp-json\/wp\/v2\/comments?post=92560"}],"version-history":[{"count":0,"href":"http:\/\/argentinamunicipal.com.ar\/argentina\/wp-json\/wp\/v2\/posts\/92560\/revisions"}],"wp:featuredmedia":[{"embeddable":true,"href":"http:\/\/argentinamunicipal.com.ar\/argentina\/wp-json\/wp\/v2\/media\/92561"}],"wp:attachment":[{"href":"http:\/\/argentinamunicipal.com.ar\/argentina\/wp-json\/wp\/v2\/media?parent=92560"}],"wp:term":[{"taxonomy":"category","embeddable":true,"href":"http:\/\/argentinamunicipal.com.ar\/argentina\/wp-json\/wp\/v2\/categories?post=92560"},{"taxonomy":"post_tag","embeddable":true,"href":"http:\/\/argentinamunicipal.com.ar\/argentina\/wp-json\/wp\/v2\/tags?post=92560"}],"curies":[{"name":"wp","href":"https:\/\/api.w.org\/{rel}","templated":true}]}}