{"id":92587,"date":"2019-07-25T06:04:32","date_gmt":"2019-07-25T09:04:32","guid":{"rendered":"http:\/\/argentinamunicipal.com.ar\/argentina\/?p=92587"},"modified":"2019-07-24T19:09:14","modified_gmt":"2019-07-24T22:09:14","slug":"municipales-de-coronda-cortan-las-rutas-11-y-64-en-reclamo-de-salarios-atrasados","status":"publish","type":"post","link":"http:\/\/argentinamunicipal.com.ar\/argentina\/municipales-de-coronda-cortan-las-rutas-11-y-64-en-reclamo-de-salarios-atrasados\/","title":{"rendered":"Municipales de Coronda cortan las Rutas 11 y 64 en reclamo de salarios atrasados"},"content":{"rendered":"<p>LA DELEGACI\u00d3N REGIONAL DE FESTRAM MOVILIZA CON LOS TRABAJADORES EN CONFLICTO. ANUNCIAN LA EXTENSI\u00d3N DE LAS PROTESTAS EN RUTAS.<\/p>\n<p>Ante la falta de respuesta a reclamos por los atrasos salariales e incumplimiento de pago de aguinaldo, los gremios municipales nucleados en la Federaci\u00f3n de Trabajadores Municipales de la Provincia de Santa Fe iniciaron la protesta en las rutas.<\/p>\n<p>Este mi\u00e9rcoles los trabajadores municipales de Coronda -a quienes se les adeuda el 55% del salario del mes de junio- cortaron las rutas 11 y 64. En tanto, los empleados de la Municipalidad de Galvez a\u00fan no percibieron la totalidad del aguinaldo. Por esta raz\u00f3n, FESTRAM anunci\u00f3 el comienzo de un plan de lucha que incluye la protesta en las rutas que se extender\u00e1n a todas las localidades de la Provincia que mantengan deuda con sus trabajadores.<\/p>\n<p>Durante la Asamblea del Sindicato de Trabajadores Municipales de Coronda, se sumaron los Sindicatos de la Regional Centro Norte de FESTRAM: G\u00e1lvez, San Carlos, Laguna Paiva, Santo Tom\u00e9, San Jorge, y representantes de la Red de Mujeres Municipales y de la Red de J\u00f3venes, junto a miembros del Consejo Directivo de FESTRAM.<\/p>\n<p>El Delegado Regional de FESTRAM Mauricio Herzog manifest\u00f3 que, en di\u00e1logo con el Intendente de Coronda Marcelo Calvet, este lament\u00f3 la falta de comunicaci\u00f3n del Gobierno Provincial para atender esta problem\u00e1tica. En tanto, Dardo Miranda -del Sindicato de esa localidad- solicit\u00f3 a las autoridades municipales electas que intercedan ante las autoridades provinciales, de igual orientaci\u00f3n pol\u00edtica que el Gobernador Miguel Lifschitz, considerando que esta situaci\u00f3n recurrente se arrastrar\u00e1 tambi\u00e9n en la futura gesti\u00f3n local.<\/p>\n<p>Por su parte, el Secretario General de FESTRAM Claudio Leoni, anunci\u00f3 que la falta de resoluci\u00f3n de los problemas salariales extender\u00e1 las situaciones de conflicto a varias localidades de la Provincia y que los trabajadores afectados llevar\u00e1n a las calles y a las rutas sus reclamos. Tambi\u00e9n asegur\u00f3 que de profundizarse esta problem\u00e1tica no se descarta la provincializaci\u00f3n del conflicto.<\/p>\n<p>Por \u00faltimo, Leoni expres\u00f3 el malestar del gremio municipal por las declaraciones de Intendentes y Funcionarios que responsabilizan de esta situaci\u00f3n econ\u00f3mica al salario de los trabajadores y su actualizaci\u00f3n por cl\u00e1usula gatillo.\u00a0\u201cEs lo mismo que nosotros dij\u00e9ramos que se gastaron la plata en pol\u00edtica\u201d\u00a0sostuvo el titular de FESTRAM.\u00a0\u00abAhora parece que la cl\u00e1usula gatillo es responsable de la recesi\u00f3n econ\u00f3mica, el cierre de empresas y el desempleo que hacen caer la recaudaci\u00f3n local. Ahora parece que nada tiene que ver la deuda que la Naci\u00f3n a\u00fan mantiene con la Provincia y sus Municipios. Como si nada tuviera que ver la ca\u00edda de las transferencias nacionales, que el propio Gobierno reconoce con un p\u00e9rdida de m\u00e1s del 10% interanual, o la falta de ingresos del Fondo Federal Solidario, que con su recorte impidieron la recaudaci\u00f3n de m\u00e1s de mil doscientos millones de pesos s\u00f3lo de la \u00faltima cosecha.\u201d<\/p>\n<p>En tanto, el pr\u00f3ximo viernes, la Regional Noreste de FESTRAM acompa\u00f1ar\u00e1 la protesta de los trabajadores integrantes del Sindicato Municipal de Ceres, donde tambi\u00e9n se prev\u00e9n marchas y protestas en la ruta 34.<\/p>\n<h6>PRENSA FESTRAM<\/h6>\n","protected":false},"excerpt":{"rendered":"<p>LA DELEGACI\u00d3N REGIONAL DE FESTRAM MOVILIZA CON LOS TRABAJADORES EN CONFLICTO. ANUNCIAN LA EXTENSI\u00d3N DE LAS PROTESTAS EN RUTAS<\/p>\n","protected":false},"author":2,"featured_media":92588,"comment_status":"closed","ping_status":"closed","sticky":false,"template":"","format":"standard","meta":{"footnotes":""},"categories":[7],"tags":[10],"class_list":["post-92587","post","type-post","status-publish","format-standard","has-post-thumbnail","hentry","category-informe-sindical","tag-santa-fe"],"_links":{"self":[{"href":"http:\/\/argentinamunicipal.com.ar\/argentina\/wp-json\/wp\/v2\/posts\/92587","targetHints":{"allow":["GET"]}}],"collection":[{"href":"http:\/\/argentinamunicipal.com.ar\/argentina\/wp-json\/wp\/v2\/posts"}],"about":[{"href":"http:\/\/argentinamunicipal.com.ar\/argentina\/wp-json\/wp\/v2\/types\/post"}],"author":[{"embeddable":true,"href":"http:\/\/argentinamunicipal.com.ar\/argentina\/wp-json\/wp\/v2\/users\/2"}],"replies":[{"embeddable":true,"href":"http:\/\/argentinamunicipal.com.ar\/argentina\/wp-json\/wp\/v2\/comments?post=92587"}],"version-history":[{"count":0,"href":"http:\/\/argentinamunicipal.com.ar\/argentina\/wp-json\/wp\/v2\/posts\/92587\/revisions"}],"wp:featuredmedia":[{"embeddable":true,"href":"http:\/\/argentinamunicipal.com.ar\/argentina\/wp-json\/wp\/v2\/media\/92588"}],"wp:attachment":[{"href":"http:\/\/argentinamunicipal.com.ar\/argentina\/wp-json\/wp\/v2\/media?parent=92587"}],"wp:term":[{"taxonomy":"category","embeddable":true,"href":"http:\/\/argentinamunicipal.com.ar\/argentina\/wp-json\/wp\/v2\/categories?post=92587"},{"taxonomy":"post_tag","embeddable":true,"href":"http:\/\/argentinamunicipal.com.ar\/argentina\/wp-json\/wp\/v2\/tags?post=92587"}],"curies":[{"name":"wp","href":"https:\/\/api.w.org\/{rel}","templated":true}]}}