{"id":92618,"date":"2019-07-25T07:37:42","date_gmt":"2019-07-25T10:37:42","guid":{"rendered":"http:\/\/argentinamunicipal.com.ar\/argentina\/?p=92618"},"modified":"2019-07-25T07:37:42","modified_gmt":"2019-07-25T10:37:42","slug":"para-bajar-los-costos-varios-comercios-rosarinos-del-centro-cierran-al-mediodia","status":"publish","type":"post","link":"http:\/\/argentinamunicipal.com.ar\/argentina\/para-bajar-los-costos-varios-comercios-rosarinos-del-centro-cierran-al-mediodia\/","title":{"rendered":"Para bajar los costos, varios comercios rosarinos del centro cierran al mediod\u00eda"},"content":{"rendered":"<p>Si bien es incipiente, es un fen\u00f3meno que comenz\u00f3 a verse en los locales de algunas galer\u00edas y varias calles muy concurridas.<\/p>\n<p>Las estrategias de los comerciantes para achicar costos ante la ca\u00edda constante del consumo son de los m\u00e1s variadas. Una de las que se sum\u00f3 en los \u00faltimos tiempos, aunque de manera incipiente, es el cierre de los comercios en el horario del mediod\u00eda, una costumbre que si bien es mayoritaria en locales barriales, exclu\u00eda casi por completo los que funcionan en el centro. Si bien la novedad excluye a los que est\u00e1n sobre las peatonales, s\u00ed se ve en galer\u00edas e incluso sobre calle San Luis. \u00abEs algo que comenzamos a observar en el \u00faltimo a\u00f1o y medio, y fundamentalmente lo hacen los locales que est\u00e1n atendidos por sus propios due\u00f1os, que ya no pagan el salario de un empleado\u00bb, indic\u00f3 Fabio Acosta, representante de la entidad que nuclea a los comercios del Casco Hist\u00f3rico.<\/p>\n<p>Las \u00faltimas estad\u00edsticas de ca\u00edda de la actividad vienen mostrando un escenario negativo y llas mediciones que lleva adelante la Secretar\u00eda de la Producci\u00f3n de la Municipalidad sobre los locales habilitados mostraron en abril una ca\u00edda de casi el 6 por ciento respecto del mismo mes del a\u00f1o anterior. Adem\u00e1s, los datos de mayo, con un descenso del 8,4 por ciento, no mostraron una mejora.<\/p>\n<p>Ese tobog\u00e1n sumado a los reclamos por los incrementos de las tarifas de los servicios, en especial la energ\u00eda el\u00e9ctrica que, seg\u00fan indic\u00f3 Acosta, representa un 30 por ciento de los costos, y el impacto de los salarios de los empleados (un 40 por ciento), hace que haya que ingeni\u00e1rselas para seguir funcionando.<\/p>\n<p>De hecho, un \u00faltimo relevamiento llevado adelante por la Concejal\u00eda Popular en el inicio de este a\u00f1o, registr\u00f3 en toda la ciudad 3.912 locales ociosos, de los cuales 138 corresponden a esquinas consideradas estrat\u00e9gicas para la competitividad de los comercios. Una caminata por cualquiera de las galer\u00edas c\u00e9ntricas muestra locales con carteles de alquiler a precios \u00abdemasiado altos en este contexto\u00bb, se indic\u00f3.<\/p>\n<p><strong>Hora calma<\/strong><\/p>\n<p>\u00abAc\u00e1 dej\u00f3 de circular gente. En el horario del mediod\u00eda pod\u00e9s armar una cancha de tejo en la galer\u00eda\u00bb, dijo entre la humorada y el sarcasmo una de las comerciantes que est\u00e1 al frente de las islas de venta de caf\u00e9 en la Galer\u00eda Libertad, y que asegur\u00f3 que son \u00abvarios los que cierran a esa hora porque no hay movimiento\u00bb.<\/p>\n<p>Tanto all\u00ed, como en otros centros comerciales, se trata de locales que en muchos casos son atendidos s\u00f3lo por sus due\u00f1os, como es el caso de una de las marroquiner\u00edas. \u00abNo tienen empleado, no van a tomar a nadie en este contexto y entonces deciden cerrar\u00bb, contaron. Acosta insisti\u00f3 sobre el mismo punto al decir que \u00abson muchos los viven en el centro, almuerzan en sus casas y de ese modo ahorran lo que deber\u00edan pagar a un empleado para permanecer en el local\u00bb.<\/p>\n<p>Los casos se suman durante el recorrido de la galer\u00eda, tanto en las islas como en el bazar y el negoci\u00f3 de cotill\u00f3n que dan sobre calle Rioja. En ambos sitios suspenden la actividad sobre las 13.30.<\/p>\n<p>\u00abLo que se nota y mucho es la ca\u00edda de la circulaci\u00f3n de gente, hay momentos en los que no pasa nadie\u00bb, agreg\u00f3 una empleada de la cafeter\u00eda.<\/p>\n<p>En la galer\u00eda La Favorita, la tradicional zapater\u00eda \u00abCarlitos\u00bb cierra sus puertas desde siempre, pero su due\u00f1a asegur\u00f3 que \u00abahora son varios los que empezaron a hacerlo\u00bb. La referente cont\u00f3 que \u00aben otros casos, se retiran m\u00e1s temprano ante la falta de actividad\u00bb.<\/p>\n<p>All\u00ed, en una de las joyer\u00edas tambi\u00e9n se adopt\u00f3 el horario cortado; en tanto la due\u00f1a de uno de los comercios de indumentaria infantil admiti\u00f3: \u00abUno se va moviendo de acuerdo al movimiento que hay. Los lunes y martes, que generalmente est\u00e1n muy parados, cortamos al mediod\u00eda; en cambio, desde el mi\u00e9rcoles hasta el fin de semana se trabaja mejor y hacemos horario corrido\u00bb.<\/p>\n<p>Otro de los tradicionales complejos, es la Galer\u00eda Rosario, donde, aunque son pocos, alguno que otro local cierra al mediod\u00eda. Uno de los casos es el un comercio de electr\u00f3nica, que tom\u00f3 esa decisi\u00f3n hace poco m\u00e1s de un a\u00f1o.<\/p>\n<p>M\u00e1s all\u00e1 de las galer\u00edas, otros comerciantes de otros sectores, como San Luis, tomaron la misma decisi\u00f3n. Y algunos no tan chicos: la casa de art\u00edculos de pl\u00e1stico Colombraro decidi\u00f3 hacerlo en sus dos locales, el de la esquina de Paraguay y San Luis, y el que est\u00e1 sobre la peatonal.<\/p>\n<h6>Fuente: La Capital<\/h6>\n","protected":false},"excerpt":{"rendered":"<p>Si bien es incipiente, es un fen\u00f3meno que comenz\u00f3 a verse en los locales de algunas galer\u00edas y varias calles muy concurridas.<\/p>\n","protected":false},"author":2,"featured_media":92619,"comment_status":"closed","ping_status":"closed","sticky":false,"template":"","format":"standard","meta":{"footnotes":""},"categories":[2],"tags":[10],"class_list":["post-92618","post","type-post","status-publish","format-standard","has-post-thumbnail","hentry","category-informe-municipal","tag-santa-fe"],"_links":{"self":[{"href":"http:\/\/argentinamunicipal.com.ar\/argentina\/wp-json\/wp\/v2\/posts\/92618","targetHints":{"allow":["GET"]}}],"collection":[{"href":"http:\/\/argentinamunicipal.com.ar\/argentina\/wp-json\/wp\/v2\/posts"}],"about":[{"href":"http:\/\/argentinamunicipal.com.ar\/argentina\/wp-json\/wp\/v2\/types\/post"}],"author":[{"embeddable":true,"href":"http:\/\/argentinamunicipal.com.ar\/argentina\/wp-json\/wp\/v2\/users\/2"}],"replies":[{"embeddable":true,"href":"http:\/\/argentinamunicipal.com.ar\/argentina\/wp-json\/wp\/v2\/comments?post=92618"}],"version-history":[{"count":0,"href":"http:\/\/argentinamunicipal.com.ar\/argentina\/wp-json\/wp\/v2\/posts\/92618\/revisions"}],"wp:featuredmedia":[{"embeddable":true,"href":"http:\/\/argentinamunicipal.com.ar\/argentina\/wp-json\/wp\/v2\/media\/92619"}],"wp:attachment":[{"href":"http:\/\/argentinamunicipal.com.ar\/argentina\/wp-json\/wp\/v2\/media?parent=92618"}],"wp:term":[{"taxonomy":"category","embeddable":true,"href":"http:\/\/argentinamunicipal.com.ar\/argentina\/wp-json\/wp\/v2\/categories?post=92618"},{"taxonomy":"post_tag","embeddable":true,"href":"http:\/\/argentinamunicipal.com.ar\/argentina\/wp-json\/wp\/v2\/tags?post=92618"}],"curies":[{"name":"wp","href":"https:\/\/api.w.org\/{rel}","templated":true}]}}