{"id":92621,"date":"2019-07-25T05:40:15","date_gmt":"2019-07-25T08:40:15","guid":{"rendered":"http:\/\/argentinamunicipal.com.ar\/argentina\/?p=92621"},"modified":"2019-07-25T07:43:13","modified_gmt":"2019-07-25T10:43:13","slug":"santa-fe-el-precio-de-la-verdura-aumenta-un-400-desde-el-productor-a-la-gondola","status":"publish","type":"post","link":"http:\/\/argentinamunicipal.com.ar\/argentina\/santa-fe-el-precio-de-la-verdura-aumenta-un-400-desde-el-productor-a-la-gondola\/","title":{"rendered":"Santa Fe: \u201cEl precio de la verdura aumenta un 400% desde el productor a la g\u00f3ndola\u201d"},"content":{"rendered":"<p>Campesinos nucleados en la Uni\u00f3n de Trabajadores de la Tierra realizan un \u201cAlimentazo\u201d en la explanada de la municipalidad de Santa Fe. Reclaman por el incremento del precio de la verdura desde el productor a la g\u00f3ndola.<br \/>\n\u201cEs una cadena de abuso\u201d, as\u00ed se refiri\u00f3 Federico Di Pascuale quien pertenece a la Uni\u00f3n de Trabajadores de la Tierra. \u201cEn otros lugares del mundo estos temas ya no se discuten. La hegemon\u00eda pol\u00edtica argentina parece estar mas de acuerdo con el lobby sojero\u201d, indic\u00f3 al aire de Cadena Oh!<\/p>\n<p>En la zona hay 150 familias campesinas, oriundas del cord\u00f3n verde santafesino y una base en Rosario (Alvear) y tambi\u00e9n en la zona de la ruta 1.<\/p>\n<p>\u201cSe juntan en grupos familiares de personas que han venido de Bolivia y alquilan hect\u00e1reas para trabajar. Ninguna tiene tierra propia\u201d, explic\u00f3<\/p>\n<p>La verdura en el supermercado<br \/>\nConsultado sobre el incremento que tiene el precio de las verduras, dijo que \u201caumenta desde el que va a buscar la verdura a la quinta y muchas veces deja los precios abiertos y hay una inestabilidad tremenda. El incremento es de un 400%. El campesinado no es formador de precios\u201d, finaliz\u00f3 Federico Di Pascuale al aire de Cadena Oh!<\/p>\n<h6>Fuente: Sin Mordaza<\/h6>\n","protected":false},"excerpt":{"rendered":"<p>Campesinos nucleados en la Uni\u00f3n de Trabajadores de la Tierra realizan un \u201cAlimentazo\u201d en la explanada de la municipalidad de Santa Fe.<\/p>\n","protected":false},"author":2,"featured_media":92622,"comment_status":"closed","ping_status":"closed","sticky":false,"template":"","format":"standard","meta":{"footnotes":""},"categories":[2],"tags":[10],"class_list":["post-92621","post","type-post","status-publish","format-standard","has-post-thumbnail","hentry","category-informe-municipal","tag-santa-fe"],"_links":{"self":[{"href":"http:\/\/argentinamunicipal.com.ar\/argentina\/wp-json\/wp\/v2\/posts\/92621","targetHints":{"allow":["GET"]}}],"collection":[{"href":"http:\/\/argentinamunicipal.com.ar\/argentina\/wp-json\/wp\/v2\/posts"}],"about":[{"href":"http:\/\/argentinamunicipal.com.ar\/argentina\/wp-json\/wp\/v2\/types\/post"}],"author":[{"embeddable":true,"href":"http:\/\/argentinamunicipal.com.ar\/argentina\/wp-json\/wp\/v2\/users\/2"}],"replies":[{"embeddable":true,"href":"http:\/\/argentinamunicipal.com.ar\/argentina\/wp-json\/wp\/v2\/comments?post=92621"}],"version-history":[{"count":0,"href":"http:\/\/argentinamunicipal.com.ar\/argentina\/wp-json\/wp\/v2\/posts\/92621\/revisions"}],"wp:featuredmedia":[{"embeddable":true,"href":"http:\/\/argentinamunicipal.com.ar\/argentina\/wp-json\/wp\/v2\/media\/92622"}],"wp:attachment":[{"href":"http:\/\/argentinamunicipal.com.ar\/argentina\/wp-json\/wp\/v2\/media?parent=92621"}],"wp:term":[{"taxonomy":"category","embeddable":true,"href":"http:\/\/argentinamunicipal.com.ar\/argentina\/wp-json\/wp\/v2\/categories?post=92621"},{"taxonomy":"post_tag","embeddable":true,"href":"http:\/\/argentinamunicipal.com.ar\/argentina\/wp-json\/wp\/v2\/tags?post=92621"}],"curies":[{"name":"wp","href":"https:\/\/api.w.org\/{rel}","templated":true}]}}