{"id":92627,"date":"2019-07-25T04:49:10","date_gmt":"2019-07-25T07:49:10","guid":{"rendered":"http:\/\/argentinamunicipal.com.ar\/argentina\/?p=92627"},"modified":"2019-07-25T07:57:45","modified_gmt":"2019-07-25T10:57:45","slug":"empleados-de-comercio-rosarinos-protestaron-por-despidos-en-un-negocio-centrico","status":"publish","type":"post","link":"http:\/\/argentinamunicipal.com.ar\/argentina\/empleados-de-comercio-rosarinos-protestaron-por-despidos-en-un-negocio-centrico\/","title":{"rendered":"Empleados de comercio rosarinos protestaron por despidos en un negocio c\u00e9ntrico"},"content":{"rendered":"<p>Trabajadores mercantiles, acompa\u00f1ados por la Asociaci\u00f3n de Empleados de Comercio, se movilizaron ayer por la ma\u00f1ana frente a las instalaciones de una empresa de electr\u00f3nica para pedir la reicorporaci\u00f3n de 25 trabajadores despedidos.<\/p>\n<p>Trabajadores mercantiles, acompa\u00f1ados por la Asociaci\u00f3n de Empleados de Comercio, se movilizaron ayer por la ma\u00f1ana frente a las instalaciones de una empresa de electr\u00f3nica para pedir la reicorporaci\u00f3n de 25 trabajadores despedidos.<\/p>\n<p>La concentraci\u00f3n fue frente a la empresa SAM SRL, que presta servicio t\u00e9cnico para BGH, Claro y Motorola, ubicada en Urquiza 1609, donde se registra la protesta aunque sin realizar corte de calle.<\/p>\n<p>El gremio de empleados de comercio denunci\u00f3 que la firma despidi\u00f3 a 25 trabajadores, sin siquiera abonar un solo peso de indemnizaci\u00f3n, como corresponde por ley. \u00abEn los telegramas enviados a los compa\u00f1eros ahora en la calle, se les informaba que iban a cobrar el 50 por ciento de lo correspondiente a indemnizaci\u00f3n, pero tampoco eso se hizo efectivo\u00bb, indicaron.<\/p>\n<p>Reynaldo Philip, socio gerente de la empresa, explic\u00f3 en un comunicado que el problema se desencaden\u00f3 cuando \u00abBGH SA, intempestivamente, extingui\u00f3 contrato de cooperaci\u00f3n empresaria vigente desde el a\u00f1o 1999\u00bb.<\/p>\n<p>Agreg\u00f3 que \u00abello provoc\u00f3 el despido de 15 empleados conforme lo previsto en el art\u00edculo 247 de la Ley de Contratos de Trabajo\u00bb y asegur\u00f3 que \u00abno se ha podido cumplir con el pago de las indemnizaciones de ley, porque: a) BGH SA, simult\u00e1neamente, dej\u00f3 de pagar facturas a SAM SRL por servicios prestados, cuyo monto total supera los 3 millones de pesos; y b) BGH SA se niega a comprar los repuestos e insumos de celulares y computadoras en existencia\u00bb.<\/p>\n<p>\u00abSe trata de mercader\u00eda que nos oblig\u00f3 a comprar para mantener la relaci\u00f3n contractual, y que ante la extinci\u00f3n del contrato no tiene sentido siga en nuestro poder, por la suma de aproximadamente u$s 60 mil d\u00f3lares\u00bb, dijo.<\/p>\n<p>En declaraciones al programa Riciardino 830, que se emite por La Ocho, Mariana -una de las empleadas que qued\u00f3 en la calle- coment\u00f3 que \u00abestamos ac\u00e1 moviliz\u00e1ndonos porque fuimos despedidos\u00bb.<\/p>\n<h6>Fuente: La Capital<\/h6>\n","protected":false},"excerpt":{"rendered":"<p>Trabajadores mercantiles, acompa\u00f1ados por la Asociaci\u00f3n de Empleados de Comercio, se movilizaron ayer por la ma\u00f1ana frente a las instalaciones de una empresa de electr\u00f3nica para pedir la reicorporaci\u00f3n de 25 trabajadores despedidos.<\/p>\n","protected":false},"author":2,"featured_media":92628,"comment_status":"closed","ping_status":"closed","sticky":false,"template":"","format":"standard","meta":{"footnotes":""},"categories":[2],"tags":[10],"class_list":["post-92627","post","type-post","status-publish","format-standard","has-post-thumbnail","hentry","category-informe-municipal","tag-santa-fe"],"_links":{"self":[{"href":"http:\/\/argentinamunicipal.com.ar\/argentina\/wp-json\/wp\/v2\/posts\/92627","targetHints":{"allow":["GET"]}}],"collection":[{"href":"http:\/\/argentinamunicipal.com.ar\/argentina\/wp-json\/wp\/v2\/posts"}],"about":[{"href":"http:\/\/argentinamunicipal.com.ar\/argentina\/wp-json\/wp\/v2\/types\/post"}],"author":[{"embeddable":true,"href":"http:\/\/argentinamunicipal.com.ar\/argentina\/wp-json\/wp\/v2\/users\/2"}],"replies":[{"embeddable":true,"href":"http:\/\/argentinamunicipal.com.ar\/argentina\/wp-json\/wp\/v2\/comments?post=92627"}],"version-history":[{"count":0,"href":"http:\/\/argentinamunicipal.com.ar\/argentina\/wp-json\/wp\/v2\/posts\/92627\/revisions"}],"wp:featuredmedia":[{"embeddable":true,"href":"http:\/\/argentinamunicipal.com.ar\/argentina\/wp-json\/wp\/v2\/media\/92628"}],"wp:attachment":[{"href":"http:\/\/argentinamunicipal.com.ar\/argentina\/wp-json\/wp\/v2\/media?parent=92627"}],"wp:term":[{"taxonomy":"category","embeddable":true,"href":"http:\/\/argentinamunicipal.com.ar\/argentina\/wp-json\/wp\/v2\/categories?post=92627"},{"taxonomy":"post_tag","embeddable":true,"href":"http:\/\/argentinamunicipal.com.ar\/argentina\/wp-json\/wp\/v2\/tags?post=92627"}],"curies":[{"name":"wp","href":"https:\/\/api.w.org\/{rel}","templated":true}]}}