{"id":92640,"date":"2019-07-26T06:27:53","date_gmt":"2019-07-26T09:27:53","guid":{"rendered":"http:\/\/argentinamunicipal.com.ar\/argentina\/?p=92640"},"modified":"2019-07-25T18:37:25","modified_gmt":"2019-07-25T21:37:25","slug":"festram-repudia-hecho-criminal-contra-un-trabajador-municipal-santafesino","status":"publish","type":"post","link":"http:\/\/argentinamunicipal.com.ar\/argentina\/festram-repudia-hecho-criminal-contra-un-trabajador-municipal-santafesino\/","title":{"rendered":"FESTRAM repudia hecho criminal contra un trabajador municipal santafesino"},"content":{"rendered":"<p>La situaci\u00f3n por la que atraves\u00f3 el compa\u00f1ero municipal Ezequiel Peralta al ser herido por tres atacantes en el Cementerio Municipal de la Ciudad de Santa Fe, mientras realizaba tareas de custodia en el interior del mismo, pone en evidencia varias cuestiones que la Federaci\u00f3n de Sindicatos de Trabajadores Municipales viene advirtiendo desde hace ya varios a\u00f1os y que necesita de parte de todos los sectores involucrados una actitud m\u00e1s firme y de una resoluci\u00f3n perentoria.<\/p>\n<p>Este hecho, que pudo convertirse en una tragedia, deja al descubierto la pr\u00e1ctica abusiva de muchos Intendentes y Presidentes Comunales que incorporan personal en situaci\u00f3n precaria disfrazada de pasant\u00edas, becarios, contratos basura, monotributistas o locadores de servicios, o como en este caso de \u201cpracticante\u201d. Paralelo a ello, en repetidas oportunidades, los titulares de los ejecutivos locales antes de dejar sus funciones nombran en planta permanente a personal pol\u00edtico, en desmedro de las\/os trabajadores que llevan a\u00f1os en sus funciones y generando situaciones conflictivas entre los gremios de base y las nuevas autoridades. Esta pr\u00e1ctica que se repite luego de cada proceso electoral tiende a generalizarse en todo el territorio provincial.<\/p>\n<p>Nuestra Federaci\u00f3n ha ido estableciendo con muchos de sus Sindicatos de base una estrategia para que los mismos establezcan procesos de incorporaci\u00f3n de personal en numerosos Municipios y Comunas de manera escalonada, teniendo en cuenta antig\u00fcedad, funciones, etc, acord\u00e1ndola con Intendentes y Presidentes Comunales. La no atenci\u00f3n a la misma, es tambi\u00e9n, generadora de hechos como los que hoy lamentamos.<\/p>\n<p>Debemos se\u00f1alar tambi\u00e9n, la absoluta responsabilidad de los propios\u00a0 Intendentes en temas referentes a la seguridad de las y los trabajadores, de las condiciones de habitabilidad y de log\u00edstica adecuada que los lugares de desempe\u00f1o de tareas deben tener. Es tiempo que se entienda definitivamente, que la vida de los ciudadanos y ciudadanas santafesinas \u2013sean trabajadores municipales o no- est\u00e1 por encima de cualquier situaci\u00f3n, argumento o excusa que se esgrima para intentar justificaciones frente a la realidad que hoy vivimos.<\/p>\n<p>Y por \u00faltimo esto viene a demostrar que la urgencia por aprobar la Ley de ART no tiene nada que ver con la seguridad del trabajador o trabajadora, que las prioridades y urgencias en la materia est\u00e1n presentes en cada \u00e1mbito laboral y necesitan de abordajes m\u00e1s integrales y que su resoluci\u00f3n est\u00e1 antes que cualquier otro inter\u00e9s econ\u00f3mico o pol\u00edtico.<\/p>\n<h6>PRENSA FESTRAM<\/h6>\n","protected":false},"excerpt":{"rendered":"<p>Este hecho, que pudo convertirse en una tragedia, deja al descubierto la pr\u00e1ctica abusiva de muchos Intendentes y Presidentes Comunales que incorporan personal en situaci\u00f3n precaria disfrazada de pasant\u00edas, becarios, contratos basura, monotributistas<\/p>\n","protected":false},"author":2,"featured_media":92641,"comment_status":"closed","ping_status":"closed","sticky":false,"template":"","format":"standard","meta":{"footnotes":""},"categories":[7],"tags":[10],"class_list":["post-92640","post","type-post","status-publish","format-standard","has-post-thumbnail","hentry","category-informe-sindical","tag-santa-fe"],"_links":{"self":[{"href":"http:\/\/argentinamunicipal.com.ar\/argentina\/wp-json\/wp\/v2\/posts\/92640","targetHints":{"allow":["GET"]}}],"collection":[{"href":"http:\/\/argentinamunicipal.com.ar\/argentina\/wp-json\/wp\/v2\/posts"}],"about":[{"href":"http:\/\/argentinamunicipal.com.ar\/argentina\/wp-json\/wp\/v2\/types\/post"}],"author":[{"embeddable":true,"href":"http:\/\/argentinamunicipal.com.ar\/argentina\/wp-json\/wp\/v2\/users\/2"}],"replies":[{"embeddable":true,"href":"http:\/\/argentinamunicipal.com.ar\/argentina\/wp-json\/wp\/v2\/comments?post=92640"}],"version-history":[{"count":0,"href":"http:\/\/argentinamunicipal.com.ar\/argentina\/wp-json\/wp\/v2\/posts\/92640\/revisions"}],"wp:featuredmedia":[{"embeddable":true,"href":"http:\/\/argentinamunicipal.com.ar\/argentina\/wp-json\/wp\/v2\/media\/92641"}],"wp:attachment":[{"href":"http:\/\/argentinamunicipal.com.ar\/argentina\/wp-json\/wp\/v2\/media?parent=92640"}],"wp:term":[{"taxonomy":"category","embeddable":true,"href":"http:\/\/argentinamunicipal.com.ar\/argentina\/wp-json\/wp\/v2\/categories?post=92640"},{"taxonomy":"post_tag","embeddable":true,"href":"http:\/\/argentinamunicipal.com.ar\/argentina\/wp-json\/wp\/v2\/tags?post=92640"}],"curies":[{"name":"wp","href":"https:\/\/api.w.org\/{rel}","templated":true}]}}