{"id":92677,"date":"2019-07-26T04:47:09","date_gmt":"2019-07-26T07:47:09","guid":{"rendered":"http:\/\/argentinamunicipal.com.ar\/argentina\/?p=92677"},"modified":"2019-07-25T19:49:38","modified_gmt":"2019-07-25T22:49:38","slug":"panorama-desolador-en-el-norte-santafesino-que-no-tiene-fin","status":"publish","type":"post","link":"http:\/\/argentinamunicipal.com.ar\/argentina\/panorama-desolador-en-el-norte-santafesino-que-no-tiene-fin\/","title":{"rendered":"Panorama desolador en el norte santafesino que no tiene fin"},"content":{"rendered":"<p>El panorama en el norte provincial sigue siendo cr\u00edtico, como resultado, no solo de la continuidad del ingreso de agua desde provincias vecinas, sino tambi\u00e9n como consecuencia de doce a\u00f1os de inacci\u00f3n y desidia.<\/p>\n<p>El barro y el agua que sigue estando en un nivel preocupante, se mezclan con las m\u00e1quinas abandonadas entre la maleza que tambi\u00e9n avanza, conformando un panorama desolador que espera y desespera en una transici\u00f3n -tan larga como at\u00edpica- que presagia una profunda crisis en toda regi\u00f3n.<\/p>\n<p>El senador Osvaldo Sosa se reuni\u00f3 con los sectores productivos de la regi\u00f3n, quienes le expresaron que \u201cel reclamo supera al trabajo, otra vez el lamento ante la evaluaci\u00f3n de resultados, otra vez la mentira diluye las esperanzas de los j\u00f3venes que siguen emigrando, decepcionados por tanta hipocres\u00eda\u201d.<\/p>\n<h6>Fuente: Sin Mordaza<\/h6>\n","protected":false},"excerpt":{"rendered":"<p>El panorama en el norte provincial sigue siendo cr\u00edtico, como resultado, no solo de la continuidad del ingreso de agua desde provincias vecinas, sino tambi\u00e9n como consecuencia de doce a\u00f1os de inacci\u00f3n y desidia.<\/p>\n","protected":false},"author":2,"featured_media":92678,"comment_status":"closed","ping_status":"closed","sticky":false,"template":"","format":"standard","meta":{"footnotes":""},"categories":[2],"tags":[10],"class_list":["post-92677","post","type-post","status-publish","format-standard","has-post-thumbnail","hentry","category-informe-municipal","tag-santa-fe"],"_links":{"self":[{"href":"http:\/\/argentinamunicipal.com.ar\/argentina\/wp-json\/wp\/v2\/posts\/92677","targetHints":{"allow":["GET"]}}],"collection":[{"href":"http:\/\/argentinamunicipal.com.ar\/argentina\/wp-json\/wp\/v2\/posts"}],"about":[{"href":"http:\/\/argentinamunicipal.com.ar\/argentina\/wp-json\/wp\/v2\/types\/post"}],"author":[{"embeddable":true,"href":"http:\/\/argentinamunicipal.com.ar\/argentina\/wp-json\/wp\/v2\/users\/2"}],"replies":[{"embeddable":true,"href":"http:\/\/argentinamunicipal.com.ar\/argentina\/wp-json\/wp\/v2\/comments?post=92677"}],"version-history":[{"count":0,"href":"http:\/\/argentinamunicipal.com.ar\/argentina\/wp-json\/wp\/v2\/posts\/92677\/revisions"}],"wp:featuredmedia":[{"embeddable":true,"href":"http:\/\/argentinamunicipal.com.ar\/argentina\/wp-json\/wp\/v2\/media\/92678"}],"wp:attachment":[{"href":"http:\/\/argentinamunicipal.com.ar\/argentina\/wp-json\/wp\/v2\/media?parent=92677"}],"wp:term":[{"taxonomy":"category","embeddable":true,"href":"http:\/\/argentinamunicipal.com.ar\/argentina\/wp-json\/wp\/v2\/categories?post=92677"},{"taxonomy":"post_tag","embeddable":true,"href":"http:\/\/argentinamunicipal.com.ar\/argentina\/wp-json\/wp\/v2\/tags?post=92677"}],"curies":[{"name":"wp","href":"https:\/\/api.w.org\/{rel}","templated":true}]}}