{"id":92710,"date":"2019-07-29T06:25:30","date_gmt":"2019-07-29T09:25:30","guid":{"rendered":"http:\/\/argentinamunicipal.com.ar\/argentina\/?p=92710"},"modified":"2019-07-28T19:27:55","modified_gmt":"2019-07-28T22:27:55","slug":"festram-continua-con-las-medidas-de-fuerza-movilizacion-en-la-ciudad-de-ceres","status":"publish","type":"post","link":"http:\/\/argentinamunicipal.com.ar\/argentina\/festram-continua-con-las-medidas-de-fuerza-movilizacion-en-la-ciudad-de-ceres\/","title":{"rendered":"FESTRAM contin\u00faa con las medidas de fuerza: Movilizaci\u00f3n en la Ciudad de Ceres"},"content":{"rendered":"<p>ANTE LA FALTA DE RESPUESTA SOBRE SALARIOS Y AGUINALDOS ADEUDADOS<\/p>\n<p>Luego del corte realizado sobre la intersecci\u00f3n de las Rutas 11 y 64 en el ingreso a la localidad de Coronda, este viernes 26 de julio, FESTRAM juntos a sus sindicatos de base, continu\u00f3 con su Plan de Lucha en la ciudad de Ceres donde el Ejecutivo Municipal adeuda el aguinaldo, y la actualizaci\u00f3n salarial no respetando el acta acuerdo oportunamente firmada.<\/p>\n<p>Miembros de la Regional Noreste junto a FESTRAM frente a la Municipalidad de Ceres<br \/>\nLa movilizaci\u00f3n de las y los trabajadores municipales, junto a la Regional Noreste (San Crist\u00f3bal, Tostado y Sunchales) estuvo acompa\u00f1ada \u2013tambi\u00e9n- por los gremios de AMSAFE, ATE y la propia CTA, y luego de un acto frente a la Municipalidad, se trasladaron a la Ruta Nacional 34, donde se produjo un corte de la misma en horas de la ma\u00f1ana.<\/p>\n<p>FESTRAM ha venido advirtiendo de esta situaci\u00f3n y su titular, Claudio Leoni expres\u00f3:\u00a0\u201c\u2026 Hay Intendentes y Presidentes Comunales que intentan transferir a los trabajadores municipales la responsabilidad por la situaci\u00f3n financiera de sus municipios y comunas. Ahora la \u201cgran culpable\u201d, es la cl\u00e1usula gatillo. Durante todos estos a\u00f1os de Gobierno de Mauricio Macri, muchos de ellos prefirieron callar antes que denunciar la situaci\u00f3n a la que se los estaba llevando, por ejemplo, con el Pacto Fiscal. Hoy esa situaci\u00f3n golpea duramente a la familia municipal. Desde la Federaci\u00f3n no podemos ni debemos ignorar esta situaci\u00f3n.\u201d<\/p>\n<p>Y agreg\u00f3:\u00a0\u201c\u2026 el plan de lucha continuar\u00e1 en cada lugar donde estas situaciones se presenten. Ceres seguir\u00e1 con las medidas de fuerza. Esperemos que en la audiencia prevista para el mediod\u00eda del lunes el reclamo de los trabajadores sea atendido como corresponde.\u201d<\/p>\n<h6>Prensa FESTRAM<\/h6>\n","protected":false},"excerpt":{"rendered":"<p>ANTE LA FALTA DE RESPUESTA SOBRE SALARIOS Y AGUINALDOS ADEUDADOS<\/p>\n","protected":false},"author":2,"featured_media":92711,"comment_status":"closed","ping_status":"closed","sticky":false,"template":"","format":"standard","meta":{"footnotes":""},"categories":[7],"tags":[10],"class_list":["post-92710","post","type-post","status-publish","format-standard","has-post-thumbnail","hentry","category-informe-sindical","tag-santa-fe"],"_links":{"self":[{"href":"http:\/\/argentinamunicipal.com.ar\/argentina\/wp-json\/wp\/v2\/posts\/92710","targetHints":{"allow":["GET"]}}],"collection":[{"href":"http:\/\/argentinamunicipal.com.ar\/argentina\/wp-json\/wp\/v2\/posts"}],"about":[{"href":"http:\/\/argentinamunicipal.com.ar\/argentina\/wp-json\/wp\/v2\/types\/post"}],"author":[{"embeddable":true,"href":"http:\/\/argentinamunicipal.com.ar\/argentina\/wp-json\/wp\/v2\/users\/2"}],"replies":[{"embeddable":true,"href":"http:\/\/argentinamunicipal.com.ar\/argentina\/wp-json\/wp\/v2\/comments?post=92710"}],"version-history":[{"count":0,"href":"http:\/\/argentinamunicipal.com.ar\/argentina\/wp-json\/wp\/v2\/posts\/92710\/revisions"}],"wp:featuredmedia":[{"embeddable":true,"href":"http:\/\/argentinamunicipal.com.ar\/argentina\/wp-json\/wp\/v2\/media\/92711"}],"wp:attachment":[{"href":"http:\/\/argentinamunicipal.com.ar\/argentina\/wp-json\/wp\/v2\/media?parent=92710"}],"wp:term":[{"taxonomy":"category","embeddable":true,"href":"http:\/\/argentinamunicipal.com.ar\/argentina\/wp-json\/wp\/v2\/categories?post=92710"},{"taxonomy":"post_tag","embeddable":true,"href":"http:\/\/argentinamunicipal.com.ar\/argentina\/wp-json\/wp\/v2\/tags?post=92710"}],"curies":[{"name":"wp","href":"https:\/\/api.w.org\/{rel}","templated":true}]}}