{"id":92748,"date":"2019-07-29T07:39:14","date_gmt":"2019-07-29T10:39:14","guid":{"rendered":"http:\/\/argentinamunicipal.com.ar\/argentina\/?p=92748"},"modified":"2019-07-29T07:39:14","modified_gmt":"2019-07-29T10:39:14","slug":"creditos-uva-asfixiados-los-deudores-hipotecarios-de-santa-fe-piden-soluciones-de-fondo","status":"publish","type":"post","link":"http:\/\/argentinamunicipal.com.ar\/argentina\/creditos-uva-asfixiados-los-deudores-hipotecarios-de-santa-fe-piden-soluciones-de-fondo\/","title":{"rendered":"Cr\u00e9ditos UVA: asfixiados, los deudores hipotecarios de Santa Fe piden soluciones de fondo"},"content":{"rendered":"<p>Aseguran que la compensaci\u00f3n anunciada por el gobierno es apenas un \u00abmaquillaje\u00bb. Se\u00f1alan que en una cuota de $22.000, la ayuda ser\u00eda de $185<\/p>\n<p>El Gobierno anunci\u00f3 que compensar\u00e1 a los deudores de cr\u00e9ditos hipotecarios en UVA que entre octubre 2018 y diciembre 2019 hayan tenido aumentos en sus cuotas por encima de un 10% de lo que hubiera resultado actualizarla por el \u00edndice de salarios (CVS) por el plazo de 15 meses.<\/p>\n<p>Desde el grupo de\u00a0autoconvocados de la provincia de Santa Fe afectados por este sistema de cr\u00e9ditos lanzado por el gobierno aseguran que la ayuda es apenas un \u00abmaquillaje\u00bb\u00a0y que no alcanza a solucionar el problema de fondo. En ese sentido, le\u00a0piden al gobierno que admita \u201cel fracaso del sistema\u201d.<\/p>\n<p>Estiman que son\u00a0m\u00e1s de 16 mil las familias santafesinas que se encuentran en ese escenario y que a nivel nacional son alrededor de 170 mil. Lo que se inici\u00f3 como un sue\u00f1o, hoy es para la gran mayor\u00eda un verdadero dolor de cabeza.<\/p>\n<p>Es que no solo les aumenta la cuota del cr\u00e9dito (atada a la inflaci\u00f3n), sino tambi\u00e9n la deuda capital. A modo de ejemplo, una persona que sac\u00f3 un cr\u00e9dito en 2017 (hace dos a\u00f1os) por un mill\u00f3n de pesos, hoy lleva devolviendo medio mill\u00f3n de pesos pero su deuda supera los dos millones.<\/p>\n<p>En di\u00e1logo con\u00a0UNO Santa Fe,\u00a0Flavio Mart\u00ed, grafic\u00f3 lo que representar\u00eda la ayuda anunciada por el gobierno nacional: \u00abEn una cuota de 22 mil pesos aproximadamente, la ayuda ser\u00eda de 185 pesos mensuales.\u00a0Es un anuncio medi\u00e1tico por el momento. La medida anunciada ni siquiera llega a ser un parche, es un maquillaje. Porque la verdad es que no representa nada\u00bb.<\/p>\n<p>Seg\u00fan coment\u00f3 el referente de los afectados, \u00aben 15 meses, la ayuda puede llegar a ser de dos mil pesos, dependiendo de cada caso\u00bb. Y continu\u00f3: \u00abEste sistema fracas\u00f3, no hay forma.\u00a0Hay gente que est\u00e1 cansado y puso en venta la casa\u00a0para salir de la angustia que genera esta situaci\u00f3n. Porque\u00a0se ve que no hay soluci\u00f3n y el sistema fracas\u00f3, porque es inviable con la inflaci\u00f3n que tenemos\u00bb.<\/p>\n<p>Por su parte,\u00a0Diego Gonz\u00e1lez, integrante del grupo de\u00a0autoconvocados de Rosario, cont\u00f3 su experiencia en di\u00e1logo con\u00a0UNO en la Radio: \u00abYo vend\u00ed mi viviendo y saqu\u00e9 el cr\u00e9dito para completar y mudarme a una vivienda de mejor confort. Esto fue a mediados del 2017, saqu\u00e9 un mill\u00f3n de pesos. Hoy estoy debiendo dos millones de pesos. Despu\u00e9s de dos a\u00f1os, debo exactamente el doble. Las cuotas que pagaba en un principio eran de 6 mil pesos y hoy son de 12 mil\u00bb.<\/p>\n<p>Sobre las compensaciones anunciadas por el gobierno, coment\u00f3: \u00abSon parches. El anuncio todav\u00eda no est\u00e1 reglamentado. Es un parche que lo \u00fanico que hace es bajar la cuota entre 200 y 300 pesos por mes; cuota que son de 15, 20, de 25 mil pesos. Est\u00e1n arruinando la econom\u00eda de las familias y eso lleva aparejado mucha angustia.<\/p>\n<p><strong>El sistema UVA<\/strong><\/p>\n<p>El\u00a0contador y especialista en econom\u00eda, Mat\u00edas Battista explic\u00f3 en UNO en la Radioexplic\u00f3 c\u00f3mo funcionan los cr\u00e9ditos y por qu\u00e9 generan tantos inconvenientes en los beneficiarios.<\/p>\n<p>\u00abUVA es la Unidad de Valor Adquisitivo, es el valor del metro constructivo dividido mil. Ese valor, que siempre se mueve por encima de la inflaci\u00f3n, va creciendo constantemente. Arranc\u00f3\u00a0en mayo de 2016 valiendo 14 pesos y hoy vale 39; es decir, un\u00a0170 por ciento de aumento. Eso hizo que se genere una crisis muy fuerte en el sector, donde much\u00edsima gente ve las dificultades\u00bb.<\/p>\n<p>El especialista subray\u00f3 que con este sistema, no solo crece la cuota, sino que tambi\u00e9n la deuda. \u00abUn cr\u00e9dito hipotecario de un mill\u00f3n de pesos en el 2016 ten\u00eda una cuota inicial de 7.900 pesos. Esa persona, que sac\u00f3 ese cr\u00e9dito, hoy est\u00e1 devolviendo una cuota de 22 mil pesos. El cr\u00e9dito era de un mill\u00f3n, hoy tiene una deuda de 2.700.000 pesos. O sea, esa persona, sac\u00f3 un cr\u00e9dito de un mill\u00f3n, devolvi\u00f3 500 mil y hoy debe 2.700.000\u00bb, grafic\u00f3.<\/p>\n<p>\u00abHay que resolver la cuesti\u00f3n de fondo, que es seria. Es un problema que gener\u00f3 el gobierno, son pol\u00edticas p\u00fablicas y tiene que resolverlo.\u00a0El gobierno tiene que buscar un equilibrio entre el salario demostrable por la familia y el valor de las cuotas. Bajarlas a un punto en el cual se pueda pagar, que sea razonable y\u00a0tratar de establecer un ajuste hacia futuro que no vaya por arriba del salario\u00bb, consider\u00f3 el especialista en econom\u00eda.<\/p>\n<h6>Fuente: Uno<\/h6>\n","protected":false},"excerpt":{"rendered":"<p>Aseguran que la compensaci\u00f3n anunciada por el gobierno es apenas un \u00abmaquillaje\u00bb. Se\u00f1alan que en una cuota de $22.000, la ayuda ser\u00eda de $185<\/p>\n","protected":false},"author":2,"featured_media":92749,"comment_status":"closed","ping_status":"closed","sticky":false,"template":"","format":"standard","meta":{"footnotes":""},"categories":[65],"tags":[10],"class_list":["post-92748","post","type-post","status-publish","format-standard","has-post-thumbnail","hentry","category-provincias","tag-santa-fe"],"_links":{"self":[{"href":"http:\/\/argentinamunicipal.com.ar\/argentina\/wp-json\/wp\/v2\/posts\/92748","targetHints":{"allow":["GET"]}}],"collection":[{"href":"http:\/\/argentinamunicipal.com.ar\/argentina\/wp-json\/wp\/v2\/posts"}],"about":[{"href":"http:\/\/argentinamunicipal.com.ar\/argentina\/wp-json\/wp\/v2\/types\/post"}],"author":[{"embeddable":true,"href":"http:\/\/argentinamunicipal.com.ar\/argentina\/wp-json\/wp\/v2\/users\/2"}],"replies":[{"embeddable":true,"href":"http:\/\/argentinamunicipal.com.ar\/argentina\/wp-json\/wp\/v2\/comments?post=92748"}],"version-history":[{"count":0,"href":"http:\/\/argentinamunicipal.com.ar\/argentina\/wp-json\/wp\/v2\/posts\/92748\/revisions"}],"wp:featuredmedia":[{"embeddable":true,"href":"http:\/\/argentinamunicipal.com.ar\/argentina\/wp-json\/wp\/v2\/media\/92749"}],"wp:attachment":[{"href":"http:\/\/argentinamunicipal.com.ar\/argentina\/wp-json\/wp\/v2\/media?parent=92748"}],"wp:term":[{"taxonomy":"category","embeddable":true,"href":"http:\/\/argentinamunicipal.com.ar\/argentina\/wp-json\/wp\/v2\/categories?post=92748"},{"taxonomy":"post_tag","embeddable":true,"href":"http:\/\/argentinamunicipal.com.ar\/argentina\/wp-json\/wp\/v2\/tags?post=92748"}],"curies":[{"name":"wp","href":"https:\/\/api.w.org\/{rel}","templated":true}]}}