{"id":93121,"date":"2019-08-08T05:22:42","date_gmt":"2019-08-08T08:22:42","guid":{"rendered":"http:\/\/argentinamunicipal.com.ar\/argentina\/?p=93121"},"modified":"2019-08-07T19:25:24","modified_gmt":"2019-08-07T22:25:24","slug":"sigue-cayendo-la-produccion-de-ropa","status":"publish","type":"post","link":"http:\/\/argentinamunicipal.com.ar\/argentina\/sigue-cayendo-la-produccion-de-ropa\/","title":{"rendered":"Sigue cayendo la producci\u00f3n de ropa\u00a0"},"content":{"rendered":"<p>\u201cDesde el segundo trimestre del a\u00f1o 2016 la producci\u00f3n de ropa en Argentina sufre una ca\u00edda ininterrumpida\u201d, advierte la C\u00e1mara Industrial Argentina de la Indumentaria. El \u00faltimo dato disponible muestra que las cantidades fabricadas en junio se ubicaron un 12 por ciento por debajo del mismo mes del a\u00f1o pasado, mientras que en la producci\u00f3n textil, la merma fue del 18,5 por ciento. Todav\u00eda m\u00e1s contundente es el panorama del empleo. Seg\u00fan los datos oficiales, entre el cuarto trimestre de 2017 y el mismo per\u00edodo de 2018 se destruyeron 5152 empleos registrados en el sector, lo cual implica una baja del 11,8 por ciento. Es decir que uno de cada nueve empleados en el sector indumentaria perdi\u00f3 su empleo el a\u00f1o pasado. Desde que comenz\u00f3 el Gobierno de Mauricio Macri, la plantilla de empleo registrado en el sector de confecci\u00f3n de prendas de vestir se redujo en un 21,7 por ciento (10.729 empleos menos). La dirigencia sectorial pide que el Gobierno aplique medidas de protecci\u00f3n comercial.<\/p>\n<p>\u201cEl motivo principal que explica la ca\u00edda de las ventas y de la producci\u00f3n de ropa es la p\u00e9rdida de poder adquisitivo de la mayor\u00eda de la poblaci\u00f3n argentina. En particular, el poder de compra de los salarios cay\u00f3 12 por ciento interanual en mayo, seg\u00fan Indec, y el de las jubilaciones, pensiones y asignaciones familiares, un 8,5 por ciento en junio comparado con junio de 2018\u201d, advierte la C\u00e1mara.<\/p>\n<p>En un contexto de fuerte retracci\u00f3n del consumo, las cantidades importadas subieron en junio un 1,2 por ciento interanual, aunque a ra\u00edz de la ca\u00edda de los precios, los valores importados bajaron 8,4 por ciento. En tanto, las exportaciones de ropa subieron un 61,9 por ciento en junio aunque en seis meses acumulan una merma del 5,8 por ciento.<\/p>\n<p>Por otro lado, los fabricantes de indumentaria advirtieron que \u201cla decisi\u00f3n de China de devaluar su moneda como respuesta a la suba de aranceles a las importaciones establecida la semana pasada por el gobierno norteamericano puede tener impacto negativo para la fabricaci\u00f3n de ropa en Argentina\u201d. \u201cEl freno a la entrada de producci\u00f3n china en Estados Unidos puede provocar desv\u00edos de comercio hacia otros destinos, lo que podr\u00eda significar para nuestro pa\u00eds el ingreso de prendas a precio de liquidaci\u00f3n. Adicionalmente, la devaluaci\u00f3n del yuan significa un abaratamiento adicional de la mercader\u00eda asi\u00e1tica\u201d, agreg\u00f3.<\/p>\n<h6>Fuente: P\u00e1gina 12<\/h6>\n","protected":false},"excerpt":{"rendered":"<p>\u201cDesde el segundo trimestre del a\u00f1o 2016 la producci\u00f3n de ropa en Argentina sufre una ca\u00edda ininterrumpida\u201d, advierte la C\u00e1mara Industrial Argentina de la Indumentaria.<\/p>\n","protected":false},"author":2,"featured_media":93122,"comment_status":"closed","ping_status":"closed","sticky":false,"template":"","format":"standard","meta":{"footnotes":""},"categories":[8],"tags":[21],"class_list":["post-93121","post","type-post","status-publish","format-standard","has-post-thumbnail","hentry","category-informe-nacional","tag-argentina"],"_links":{"self":[{"href":"http:\/\/argentinamunicipal.com.ar\/argentina\/wp-json\/wp\/v2\/posts\/93121","targetHints":{"allow":["GET"]}}],"collection":[{"href":"http:\/\/argentinamunicipal.com.ar\/argentina\/wp-json\/wp\/v2\/posts"}],"about":[{"href":"http:\/\/argentinamunicipal.com.ar\/argentina\/wp-json\/wp\/v2\/types\/post"}],"author":[{"embeddable":true,"href":"http:\/\/argentinamunicipal.com.ar\/argentina\/wp-json\/wp\/v2\/users\/2"}],"replies":[{"embeddable":true,"href":"http:\/\/argentinamunicipal.com.ar\/argentina\/wp-json\/wp\/v2\/comments?post=93121"}],"version-history":[{"count":0,"href":"http:\/\/argentinamunicipal.com.ar\/argentina\/wp-json\/wp\/v2\/posts\/93121\/revisions"}],"wp:featuredmedia":[{"embeddable":true,"href":"http:\/\/argentinamunicipal.com.ar\/argentina\/wp-json\/wp\/v2\/media\/93122"}],"wp:attachment":[{"href":"http:\/\/argentinamunicipal.com.ar\/argentina\/wp-json\/wp\/v2\/media?parent=93121"}],"wp:term":[{"taxonomy":"category","embeddable":true,"href":"http:\/\/argentinamunicipal.com.ar\/argentina\/wp-json\/wp\/v2\/categories?post=93121"},{"taxonomy":"post_tag","embeddable":true,"href":"http:\/\/argentinamunicipal.com.ar\/argentina\/wp-json\/wp\/v2\/tags?post=93121"}],"curies":[{"name":"wp","href":"https:\/\/api.w.org\/{rel}","templated":true}]}}