{"id":93141,"date":"2019-08-09T05:00:57","date_gmt":"2019-08-09T08:00:57","guid":{"rendered":"http:\/\/argentinamunicipal.com.ar\/argentina\/?p=93141"},"modified":"2019-08-08T18:49:33","modified_gmt":"2019-08-08T21:49:33","slug":"las-jubilaciones-siguen-corriendo-de-atras","status":"publish","type":"post","link":"http:\/\/argentinamunicipal.com.ar\/argentina\/las-jubilaciones-siguen-corriendo-de-atras\/","title":{"rendered":"Las jubilaciones siguen corriendo de atr\u00e1s"},"content":{"rendered":"<p>La Anses anunci\u00f3 el incremento para septiembre. En nueve meses el ajuste ser\u00e1 de 38,9 por ciento, insuficiente para recomponer p\u00e9rdidas acumuladas desde 2018.<\/p>\n<p>El nuevo aumento de jubilaciones y pensiones ser\u00e1 del 12,22 por ciento a partir de septiembre. El haber m\u00ednimo quedar\u00e1 en 12.937 pesos y el m\u00e1ximo, en 94.780 pesos, seg\u00fan datos publicados este mi\u00e9rcoles en el Bolet\u00edn Oficial. Es el tercero de los cuatro incrementos anuales que se aplican por la nueva Ley de Movilidad, sancionada a fines de 2017. Expertos previsionales explicaron a\u00a0P\u00e1ginaI12\u00a0que el aumento no logra recomponer la p\u00e9rdida de poder adquisitivo ocurrida desde entonces, por los altos niveles de inflaci\u00f3n y por los puntos que todav\u00eda no se recuperaron tras el cambio de la f\u00f3rmula del c\u00e1lculo del haber jubilatorio.<\/p>\n<p>Con la suba del 12,22 por ciento en septiembre, las jubilaciones acumular\u00e1n un alza del 38,9 por ciento en nueve meses. En marzo el aumento hab\u00eda sido del 11,8 por ciento y en junio, del 10,7. Para todo 2019 se prev\u00e9 una del 40 por ciento, seg\u00fan el Relevamiento de Expectativas de Mercado (REM) que realiza el Banco Central. Con este comparativo, el Gobierno celebra los aumentos. \u201cEstamos 8 puntos por encima de la inflaci\u00f3n. Cumplimos con lo que dijimos a fin del a\u00f1o pasado, que los jubilados iban a poder recuperar poder adquisitivo\u201d, escribi\u00f3 en su cuenta de Twitter Emilio Basavilbaso, titular de la Anses. Para que se confirme ese supuesto, el \u00edndice de precios al consumidor de julio, agosto y septiembre no deber\u00eda superar el 2 por ciento mensual. Sin embargo, el REM estima que en esos meses la inflaci\u00f3n ser\u00e1 de 2,4 por ciento en julio y agosto y del 2,3 por ciento en septiembre. Los pron\u00f3sticos del REM, adem\u00e1s, suelen subestimar la evoluci\u00f3n del IPC, por lo cual el pron\u00f3stico de Basavilbaso en principio luce dif\u00edcil de alcanzar.<\/p>\n<p>Miguel Fern\u00e1ndez Pastor, director del Centro Interamericano de Estudios de la Seguridad Social, asegur\u00f3 que este a\u00f1o los aumentos de las jubilaciones le ganar\u00e1n o empatar\u00e1n a la inflaci\u00f3n. \u201cSiempre y cuando se desacelere la suba de precios\u201d, aclar\u00f3. Seg\u00fan las cifras proporcionadas por el abogado previsionalista, hasta junio recuperaron m\u00e1s de un punto de poder adquisitivo. Es que la inflaci\u00f3n acumulada en el primer semestre fue de 22,4 por ciento y el aumento de haberes, de 23,8 por ciento. Pero destac\u00f3: \u201cLa promesa del Gobierno era que la recuperaci\u00f3n del semestre iba a ser de 6 puntos\u201d. M\u00e1s all\u00e1 de lo que ocurra este a\u00f1o, la preocupaci\u00f3n de Fern\u00e1ndez Pastor es cu\u00e1ndo se recuperar\u00e1 el poder adquisitivo que se perdi\u00f3 con el cambio de la f\u00f3rmula de movilidad, a fines de 2017.<\/p>\n<p>\u201cDurante 2018 la inflaci\u00f3n lleg\u00f3 al 47,6 por ciento y la movilidad fue del 28. Se perdieron casi 20 puntos\u201d, explic\u00f3 el especialista. Hasta 2017, los aumentos se realizaban teniendo en cuenta la recaudaci\u00f3n fiscal. Con la reforma previsional de diciembre de 2017, la f\u00f3rmula tiene en cuenta el 70 por ciento de la inflaci\u00f3n acumulada en un trimestre, y el 30 por ciento de la variaci\u00f3n registrada por la Remuneraci\u00f3n Imponible de los Trabajadores Estables (Ripte).<\/p>\n<p>Andrea Falcone, abogada del estudio Jubilarnos, asegur\u00f3 que desde que se aplic\u00f3 la nueva Ley de Movilidad, los jubilados perdieron 17 puntos. \u201cCon la inflaci\u00f3n proyectada a septiembre, van a quedar 5 puntos arriba. Van a empezar a recuperar lo que perdieron el a\u00f1o pasado, pero todav\u00eda no est\u00e1n arriba de la inflaci\u00f3n, porque hay una recuperaci\u00f3n pendiente del poder adquisitivo del a\u00f1o anterior\u201d, remarc\u00f3.<\/p>\n<p>Con elecciones en la mira, los abogados creen que las reformas en este sector volver\u00e1n a estar en la mira. Fern\u00e1ndez Pastor consider\u00f3 que deber\u00eda volverse al c\u00e1lculo anterior: \u201cSi cambia el Gobierno, vamos a pedir que se vuelva a la f\u00f3rmula anterior, que ten\u00eda en cuenta el incremento del salario y la recaudaci\u00f3n. Son las primeras variables que mejoran cuando la econom\u00eda funciona adecuadamente. Hace a los jubilados coparticipables de la renta nacional. Y cuando la econom\u00eda cae, aparece el Fondo de Garant\u00eda de Sustentabilidad para pagar las prestaciones perdidas en los momentos de crisis\u201d.<\/p>\n<p>Por su parte, Falcone asegur\u00f3 que deber\u00eda mantenerse la f\u00f3rmula actual: \u201cEs acorde a lo que se usa en el resto del mundo. El \u00edndice est\u00e1 bien, el problema es el desfasaje. Recuper\u00e1s el poder adquisitivo 6 meses m\u00e1s tarde, es insostenible. La recuperaci\u00f3n deber\u00eda ser a no m\u00e1s de 90 d\u00edas\u201d. Por su parte, el abogado Federico Bobrovsky advirti\u00f3 un futuro sombr\u00edo por las recomendaciones del FMI para la econom\u00eda argentina. \u201cEn el 2015, la tasa de sustituci\u00f3n entre el salario de actividad y el nivel jubilatorio era del 65 por ciento promedio. Ahora es del 44 por ciento y el Fondo recomienda que siga bajando. Es decir, te jubil\u00e1s con menos de la mitad de lo que ven\u00edas ganando con tu sueldo\u201d.<\/p>\n<p>En lo que respecta a la Prestaci\u00f3n B\u00e1sica Universal (PBU), esta ser\u00e1 de 6.112 pesos, mientras que la Pensi\u00f3n Universal para el Adulto Mayor (PUAM) quedar\u00e1 en 10.349 pesos. Los aumentos no se aplicar\u00e1n a la asignaci\u00f3n universal por hijo (AUH) dado que tuvieron un incremento del 46 por ciento en marzo, pero s\u00ed para el resto de las asignaciones familiares y pensiones por Malvinas.<\/p>\n<h6>Fuente: P\u00e1gina 12<\/h6>\n","protected":false},"excerpt":{"rendered":"<p>La Anses anunci\u00f3 el incremento para septiembre. En nueve meses el ajuste ser\u00e1 de 38,9 por ciento, insuficiente para recomponer p\u00e9rdidas acumuladas desde 2018.<\/p>\n","protected":false},"author":2,"featured_media":93142,"comment_status":"closed","ping_status":"closed","sticky":false,"template":"","format":"standard","meta":{"footnotes":""},"categories":[8],"tags":[21],"class_list":["post-93141","post","type-post","status-publish","format-standard","has-post-thumbnail","hentry","category-informe-nacional","tag-argentina"],"_links":{"self":[{"href":"http:\/\/argentinamunicipal.com.ar\/argentina\/wp-json\/wp\/v2\/posts\/93141","targetHints":{"allow":["GET"]}}],"collection":[{"href":"http:\/\/argentinamunicipal.com.ar\/argentina\/wp-json\/wp\/v2\/posts"}],"about":[{"href":"http:\/\/argentinamunicipal.com.ar\/argentina\/wp-json\/wp\/v2\/types\/post"}],"author":[{"embeddable":true,"href":"http:\/\/argentinamunicipal.com.ar\/argentina\/wp-json\/wp\/v2\/users\/2"}],"replies":[{"embeddable":true,"href":"http:\/\/argentinamunicipal.com.ar\/argentina\/wp-json\/wp\/v2\/comments?post=93141"}],"version-history":[{"count":0,"href":"http:\/\/argentinamunicipal.com.ar\/argentina\/wp-json\/wp\/v2\/posts\/93141\/revisions"}],"wp:featuredmedia":[{"embeddable":true,"href":"http:\/\/argentinamunicipal.com.ar\/argentina\/wp-json\/wp\/v2\/media\/93142"}],"wp:attachment":[{"href":"http:\/\/argentinamunicipal.com.ar\/argentina\/wp-json\/wp\/v2\/media?parent=93141"}],"wp:term":[{"taxonomy":"category","embeddable":true,"href":"http:\/\/argentinamunicipal.com.ar\/argentina\/wp-json\/wp\/v2\/categories?post=93141"},{"taxonomy":"post_tag","embeddable":true,"href":"http:\/\/argentinamunicipal.com.ar\/argentina\/wp-json\/wp\/v2\/tags?post=93141"}],"curies":[{"name":"wp","href":"https:\/\/api.w.org\/{rel}","templated":true}]}}