{"id":93167,"date":"2019-08-09T05:00:28","date_gmt":"2019-08-09T08:00:28","guid":{"rendered":"http:\/\/argentinamunicipal.com.ar\/argentina\/?p=93167"},"modified":"2019-08-09T07:34:34","modified_gmt":"2019-08-09T10:34:34","slug":"la-canasta-de-alimentos-subio-un-61-69-en-un-ano","status":"publish","type":"post","link":"http:\/\/argentinamunicipal.com.ar\/argentina\/la-canasta-de-alimentos-subio-un-61-69-en-un-ano\/","title":{"rendered":"La canasta de alimentos subi\u00f3 un 61.69% en un a\u00f1o"},"content":{"rendered":"<p>Seg\u00fan un informe elaborado por la Defensor\u00eda del Pueblo de la provincia de Buenos Aires, con los productos pertenecientes a los rubros congelados, conservas y panader\u00eda a la cabeza, la canasta b\u00e1sica de alimentos subi\u00f3 en julio un 61,69% respecto al mismo mes del a\u00f1o anterior.<\/p>\n<p>Un trabajo del organismo que conduce Guido Lorenzino, revel\u00f3 que la variaci\u00f3n de precios de 90 productos en 135 comercios de los distritos donde el organismo la Defensor\u00eda del Pueblo tiene delegaciones, a junio, el s\u00e9ptimo mes del a\u00f1o registr\u00f3 un incremento del 2,93%, y lleva un acumulado anual del 28,39%.<\/p>\n<p>El podio de las mayores subas en un a\u00f1o estuvo conformado por el rubro\u00a0\u201cCongelados\u201d,\u00a0con un 84,24%, seguido por\u00a0\u201cConservas\u201d, con un incremento del 83,39%, y\u00a0\u201cPanader\u00eda\u201d, con un 79,83%. M\u00e1s atr\u00e1s aparecen los rubros\u00a0\u201cFrescos\u201d\u00a0(69,92%) y\u00a0\u201cAlmac\u00e9n\u201d\u00a0(61,38%).<\/p>\n<p>Al analizar los productos que m\u00e1s aumentaron desde julio de 2018, al tope del ranking aparece el queso cuartirolo cremoso y el por salut, con un 109,33%, seguido por el postre l\u00e1cteo de vainilla, con un 108,27%, y la manteca, con un 103,37%.<\/p>\n<p>\u201cLa inflaci\u00f3n imparable representa la grave situaci\u00f3n que atraviesan los sectores m\u00e1s vulnerables. Es necesario encontrar soluciones para que los que m\u00e1s sufren la crisis puedan llevar una alimentaci\u00f3n saludable sin que eso signifique un duro golpe a la econom\u00eda familiar\u201d,\u00a0sostuvo Lorenzino.<\/p>\n<h6>Fuente: ADN<\/h6>\n","protected":false},"excerpt":{"rendered":"<p>Seg\u00fan un informe elaborado por la Defensor\u00eda del Pueblo de la provincia de Buenos Aires, con los productos pertenecientes a los rubros congelados, conservas y panader\u00eda a la cabeza, la canasta b\u00e1sica de alimentos subi\u00f3 en julio un 61,69% respecto al mismo mes del a\u00f1o anterior.<\/p>\n","protected":false},"author":2,"featured_media":93168,"comment_status":"closed","ping_status":"closed","sticky":false,"template":"","format":"standard","meta":{"footnotes":""},"categories":[8],"tags":[21],"class_list":["post-93167","post","type-post","status-publish","format-standard","has-post-thumbnail","hentry","category-informe-nacional","tag-argentina"],"_links":{"self":[{"href":"http:\/\/argentinamunicipal.com.ar\/argentina\/wp-json\/wp\/v2\/posts\/93167","targetHints":{"allow":["GET"]}}],"collection":[{"href":"http:\/\/argentinamunicipal.com.ar\/argentina\/wp-json\/wp\/v2\/posts"}],"about":[{"href":"http:\/\/argentinamunicipal.com.ar\/argentina\/wp-json\/wp\/v2\/types\/post"}],"author":[{"embeddable":true,"href":"http:\/\/argentinamunicipal.com.ar\/argentina\/wp-json\/wp\/v2\/users\/2"}],"replies":[{"embeddable":true,"href":"http:\/\/argentinamunicipal.com.ar\/argentina\/wp-json\/wp\/v2\/comments?post=93167"}],"version-history":[{"count":0,"href":"http:\/\/argentinamunicipal.com.ar\/argentina\/wp-json\/wp\/v2\/posts\/93167\/revisions"}],"wp:featuredmedia":[{"embeddable":true,"href":"http:\/\/argentinamunicipal.com.ar\/argentina\/wp-json\/wp\/v2\/media\/93168"}],"wp:attachment":[{"href":"http:\/\/argentinamunicipal.com.ar\/argentina\/wp-json\/wp\/v2\/media?parent=93167"}],"wp:term":[{"taxonomy":"category","embeddable":true,"href":"http:\/\/argentinamunicipal.com.ar\/argentina\/wp-json\/wp\/v2\/categories?post=93167"},{"taxonomy":"post_tag","embeddable":true,"href":"http:\/\/argentinamunicipal.com.ar\/argentina\/wp-json\/wp\/v2\/tags?post=93167"}],"curies":[{"name":"wp","href":"https:\/\/api.w.org\/{rel}","templated":true}]}}