{"id":93270,"date":"2019-08-13T07:19:47","date_gmt":"2019-08-13T10:19:47","guid":{"rendered":"http:\/\/argentinamunicipal.com.ar\/argentina\/?p=93270"},"modified":"2019-08-13T07:19:47","modified_gmt":"2019-08-13T10:19:47","slug":"rosario-los-molinos-harineros-no-le-venderan-harina-a-las-panaderias-por-la-suba-del-dolar","status":"publish","type":"post","link":"http:\/\/argentinamunicipal.com.ar\/argentina\/rosario-los-molinos-harineros-no-le-venderan-harina-a-las-panaderias-por-la-suba-del-dolar\/","title":{"rendered":"Rosario: Los molinos harineros no le vender\u00e1n harina a las panader\u00edas por la suba del d\u00f3lar"},"content":{"rendered":"<p>Lo afirm\u00f3 esta tarde Gerardo Di Cosco, presidente de la Asociaci\u00f3n de Panaderos de Rosario, quien admiti\u00f3 que tampoco reciben margarina ni grasa.<\/p>\n<p>El presidente de la Asociaci\u00f3n Panaderos de Rosario, Gerardo Di Cosco, asegur\u00f3 hoy que los molinos harineros les comunicaron a las panader\u00edas que no les vender\u00e1n harina debido al importante aumento en el valor del d\u00f3lar y por la incertidumbre cambiar\u00eda.<\/p>\n<p>\u00abNos han informado que han suspendido la venta de harinas, debido a la inestabilidad que hay en el d\u00f3lar\u00bb, sostuvo Di Cosco, quien agreg\u00f3 que tampoco recibir\u00e1n margarinas y grasas, \u00abque son dos insumos fundamentales en la industria del pan\u00bb.<\/p>\n<p>La medida que tomaron los molinos harineros est\u00e1 directamente ligada al aumento de m\u00e1s del 20 por ciento que experiment\u00f3 hoy el d\u00f3lar, tras los comicios presidenciales de ayer en las Paso en las que el Frente de Todos se impuso por 15 puntos al gobierno nacional.<\/p>\n<p>\u00abSinceramente llamamos a la reflexi\u00f3n en un momento muy complicado de nuestro pa\u00eds. Les pedimos a estas grandes empresas que pongan un poquito el hombro para ayudar, puesto que estamos en una situaci\u00f3n donde la gente est\u00e1 pasando hambre\u00bb, argument\u00f3, antes de resaltar: \u00abNosotros somos los que tenemos que poner la cara con el cliente y decirle que sigue aumentando este producto b\u00e1sico en la canasta de los argentinos. Por eso tenemos que hacer el esfuerzo y entre todos salir de este momento dif\u00edcil que estamos pasando los argentinos\u00bb.<\/p>\n<p>El dirigente de los panaderos tambi\u00e9n argument\u00f3 que, lejos de recuperarse, el sector arrastra un per\u00edodo de inestabilidad. \u00abYa venimos de un a\u00f1o y medio atado con alfileres, con planes de pagos con la Afip, o con deudas con la EPE y Litoral Gas. Ven\u00edamos diciendo que esto en alg\u00fan momento iba a ocurrir, y lamentablemente ocurri\u00f3. Ahora esperemos que las empresas de una vez por todas se pongan la camiseta de la Argentina, piensen en el pr\u00f3jimo, porque si seguimos as\u00ed nos va a ir mal a todos\u00bb, cerr\u00f3 Di Cosco en contacto con Telef\u00e9 Rosario.<\/p>\n<h6>Fuente: La Capital<\/h6>\n","protected":false},"excerpt":{"rendered":"<p>Lo afirm\u00f3 esta tarde Gerardo Di Cosco, presidente de la Asociaci\u00f3n de Panaderos de Rosario, quien admiti\u00f3 que tampoco reciben margarina ni grasa.<\/p>\n","protected":false},"author":2,"featured_media":93271,"comment_status":"closed","ping_status":"closed","sticky":false,"template":"","format":"standard","meta":{"footnotes":""},"categories":[5],"tags":[10],"class_list":["post-93270","post","type-post","status-publish","format-standard","has-post-thumbnail","hentry","category-informe-economico","tag-santa-fe"],"_links":{"self":[{"href":"http:\/\/argentinamunicipal.com.ar\/argentina\/wp-json\/wp\/v2\/posts\/93270","targetHints":{"allow":["GET"]}}],"collection":[{"href":"http:\/\/argentinamunicipal.com.ar\/argentina\/wp-json\/wp\/v2\/posts"}],"about":[{"href":"http:\/\/argentinamunicipal.com.ar\/argentina\/wp-json\/wp\/v2\/types\/post"}],"author":[{"embeddable":true,"href":"http:\/\/argentinamunicipal.com.ar\/argentina\/wp-json\/wp\/v2\/users\/2"}],"replies":[{"embeddable":true,"href":"http:\/\/argentinamunicipal.com.ar\/argentina\/wp-json\/wp\/v2\/comments?post=93270"}],"version-history":[{"count":0,"href":"http:\/\/argentinamunicipal.com.ar\/argentina\/wp-json\/wp\/v2\/posts\/93270\/revisions"}],"wp:featuredmedia":[{"embeddable":true,"href":"http:\/\/argentinamunicipal.com.ar\/argentina\/wp-json\/wp\/v2\/media\/93271"}],"wp:attachment":[{"href":"http:\/\/argentinamunicipal.com.ar\/argentina\/wp-json\/wp\/v2\/media?parent=93270"}],"wp:term":[{"taxonomy":"category","embeddable":true,"href":"http:\/\/argentinamunicipal.com.ar\/argentina\/wp-json\/wp\/v2\/categories?post=93270"},{"taxonomy":"post_tag","embeddable":true,"href":"http:\/\/argentinamunicipal.com.ar\/argentina\/wp-json\/wp\/v2\/tags?post=93270"}],"curies":[{"name":"wp","href":"https:\/\/api.w.org\/{rel}","templated":true}]}}